{"id":938,"date":"2025-11-26T15:06:45","date_gmt":"2025-11-26T14:06:45","guid":{"rendered":"https:\/\/radisici.ba\/?p=938"},"modified":"2025-11-26T15:06:45","modified_gmt":"2025-11-26T14:06:45","slug":"u-iscekivanju-biliga-br-7","status":"publish","type":"post","link":"https:\/\/radisici.ba\/?p=938","title":{"rendered":"U i\u0161\u010dekivanju Biliga br. 7"},"content":{"rendered":"<p>U pripremi je novi broj godi\u0161njaka Bilig (br. 7, 2026.) koji planiramo poslati u tisak po\u010detkom prosinca. Ve\u0107 sada mo\u017eete osigurati svoj primjerak narud\u017ebom na email adresu <a href=\"mailto:udrugabilig@gmail.com\" target=\"_blank\" rel=\"noopener\">udrugabilig@gmail.com<\/a>\u00a0i \u0161aljemo Vam ga prije Bo\u017ei\u0107a 2025.<\/p>\n<p>Tako\u0111er, na istu adresu mo\u017eete naru\u010diti i ostala izdanja u nakladi\u00a0Udruga Hkb Bilig. U tijelu poruke navedite koju tiskovinu \u017eelite, koliko komada, te adresu isporuke.<\/p>\n<p>Sve one koji pi\u0161u ili \u017eele pisati za &#8220;Bilig&#8221;, te slati svoje foto i dokumentarne priloge za na\u0161 godi\u0161njak, molimo da budu blagovremeni tako da stignemo na vrijeme poslati pripremu u tisak.<\/p>\n<p>Svi tekstualni i grafi\u010dki prilozi se \u0161alju isklju\u010divo na email adresu\u00a0<a href=\"mailto:udrugabilig@gmail.com\" target=\"_blank\" rel=\"noopener\">udrugabilig@gmail.com<\/a>\u00a0<wbr \/>do 30. lipnja svake godine za naredni broj, a prilozi koje odabere uredni\u0161tvo ulaze u konkurenciju za objavu.<\/p>\n<p>Tekstovi se pi\u0161u u Wordu, font Times New Roman, veli\u010dina fonta 12, prored 1.5, a prate\u0107e ilustracije odvojeno od teksta, u originalnoj kvaliteti bez sa\u017eimanja tako da grafi\u010dki prikaz u tisku bude \u0161to kvalitetniji. U tekstu se nazna\u010di gdje je koja ilustracija predvi\u0111ena.<\/p>\n<p>Molimo i za financijsku podr\u0161ku radu\u00a0Udruga Hkb Bilig. Svaki je prilog dobrodo\u0161ao a svoje uplate mo\u017eete izvr\u0161iti na ra\u010dun u Raiffeisen banci, podru\u017enica Ljubu\u0161ki. Slijede podatci za uplate:<\/p>\n<p>Hercegova\u010dka kulturna ba\u0161tina &#8211; Bilig, Ljubu\u0161ki<br \/>\nLudviga Pavlovi\u0107a 18<br \/>\n88320 LJUBU\u0160KI<\/p>\n<p>Raiffeisen Bank dd Bosna i Hercegovina<br \/>\nbr. ra\u010duna: 1610000233040086<\/p>\n<p>Za uplate iz inozemstva:<br \/>\nSWIFT CODE: RZBABA2S<br \/>\nIBAN CODE: BA391610000233040086<\/p>\n","protected":false},"excerpt":{"rendered":"<p>U pripremi je novi broj godi\u0161njaka Bilig (br. 7, 2026.) koji planiramo poslati u tisak po\u010detkom prosinca. Ve\u0107 sada mo\u017eete<\/p>\n","protected":false},"author":6,"featured_media":939,"comment_status":"closed","ping_status":"closed","sticky":false,"template":"","format":"standard","meta":{"footnotes":""},"categories":[4],"tags":[],"class_list":["post-938","post","type-post","status-publish","format-standard","has-post-thumbnail","hentry","category-vijesti"],"_links":{"self":[{"href":"https:\/\/radisici.ba\/index.php?rest_route=\/wp\/v2\/posts\/938","targetHints":{"allow":["GET"]}}],"collection":[{"href":"https:\/\/radisici.ba\/index.php?rest_route=\/wp\/v2\/posts"}],"about":[{"href":"https:\/\/radisici.ba\/index.php?rest_route=\/wp\/v2\/types\/post"}],"author":[{"embeddable":true,"href":"https:\/\/radisici.ba\/index.php?rest_route=\/wp\/v2\/users\/6"}],"replies":[{"embeddable":true,"href":"https:\/\/radisici.ba\/index.php?rest_route=%2Fwp%2Fv2%2Fcomments&post=938"}],"version-history":[{"count":1,"href":"https:\/\/radisici.ba\/index.php?rest_route=\/wp\/v2\/posts\/938\/revisions"}],"predecessor-version":[{"id":940,"href":"https:\/\/radisici.ba\/index.php?rest_route=\/wp\/v2\/posts\/938\/revisions\/940"}],"wp:featuredmedia":[{"embeddable":true,"href":"https:\/\/radisici.ba\/index.php?rest_route=\/wp\/v2\/media\/939"}],"wp:attachment":[{"href":"https:\/\/radisici.ba\/index.php?rest_route=%2Fwp%2Fv2%2Fmedia&parent=938"}],"wp:term":[{"taxonomy":"category","embeddable":true,"href":"https:\/\/radisici.ba\/index.php?rest_route=%2Fwp%2Fv2%2Fcategories&post=938"},{"taxonomy":"post_tag","embeddable":true,"href":"https:\/\/radisici.ba\/index.php?rest_route=%2Fwp%2Fv2%2Ftags&post=938"}],"curies":[{"name":"wp","href":"https:\/\/api.w.org\/{rel}","templated":true}]}}