{"id":922,"date":"2025-11-12T16:18:35","date_gmt":"2025-11-12T15:18:35","guid":{"rendered":"https:\/\/radisici.ba\/?p=922"},"modified":"2025-11-12T16:18:35","modified_gmt":"2025-11-12T15:18:35","slug":"proslava-sv-nikole-tavelica-u-gornjim-radisicima","status":"publish","type":"post","link":"https:\/\/radisici.ba\/?p=922","title":{"rendered":"Proslava sv. Nikole Taveli\u0107a u Gornjim Radi\u0161i\u0107ima"},"content":{"rendered":"<p data-start=\"399\" data-end=\"552\">Prvog hrvatskog sveca i franjeva\u010dkog mu\u010denika, <strong data-start=\"446\" data-end=\"469\">sv. Nikolu Taveli\u0107a<\/strong>, vjernici \u0107e proslaviti u <strong data-start=\"498\" data-end=\"512\">Radi\u0161i\u0107ima<\/strong>, u <strong data-start=\"516\" data-end=\"551\">nedjelju 16. studenog u 11 sati<\/strong>.<\/p>\n<p data-start=\"554\" data-end=\"759\">Za proslavu za\u0161titnika crkve u Radi\u0161i\u0107ima vjernici \u0107e se pripremati <strong data-start=\"622\" data-end=\"638\">trodnevnicom<\/strong> koja zapo\u010dinje <strong data-start=\"654\" data-end=\"682\">u \u010detvrtak, 13. studenog<\/strong>. Program uklju\u010duje <strong data-start=\"702\" data-end=\"734\">molitvu krunice u 17:30 sati<\/strong>, a zatim <strong data-start=\"744\" data-end=\"758\">svetu misu<\/strong>.<\/p>\n<p data-start=\"761\" data-end=\"1004\">U \u010detvrtak nakon mise uslijedit \u0107e <strong data-start=\"796\" data-end=\"840\">klanjanje Presvetom Oltarskom Sakramentu<\/strong>, dok \u0107e u subotu, <strong data-start=\"859\" data-end=\"875\">15. studenog<\/strong>, nakon svete mise <strong data-start=\"894\" data-end=\"920\">ispred kri\u017ea kod crkve<\/strong> biti <strong data-start=\"926\" data-end=\"957\">molitva za sve \u017ertve ratova<\/strong>, posebno u spomen na <strong data-start=\"979\" data-end=\"1003\">\u017ertve Grada Vukovara<\/strong>.<\/p>\n<p data-start=\"312\" data-end=\"584\">Gradnju podru\u010dne crkve u Gornjim Radi\u0161i\u0107ima vodio je <strong data-start=\"365\" data-end=\"389\">fra Kornelije Kordi\u0107<\/strong>, tada\u0161nji huma\u010dki kapelan.<br data-start=\"416\" data-end=\"419\" \/><br \/>\nU gradnji su nesebi\u010dno sudjelovali Radi\u0161i\u0107ani \u2013 vlastitim radom, donacijama i financijskim sredstvima \u2013 kao i brojni odseljenici u Donje Radi\u0161i\u0107e i diljem svijeta.<\/p>\n<p data-start=\"586\" data-end=\"809\">Pomo\u0107 nije izostala ni od <strong data-start=\"612\" data-end=\"654\">Franjeva\u010dkog provincijalata iz Mostara<\/strong> te <strong data-start=\"658\" data-end=\"680\">samostana na Humcu<\/strong>.<br data-start=\"681\" data-end=\"684\" \/><br \/>\nRadovi su zapo\u010deli u <strong data-start=\"705\" data-end=\"720\">rujnu 1980.<\/strong>, a ve\u0107 u <strong data-start=\"730\" data-end=\"748\">sije\u010dnju 1982.<\/strong> crkva je bila dogotovljena i osposobljena za slu\u017ebu Bo\u017eju.<\/p>\n<p data-start=\"811\" data-end=\"1016\">Projekt crkve izradio je <strong data-start=\"836\" data-end=\"856\">ing. Vlado Gali\u0107<\/strong> iz Mostara.<br data-start=\"868\" data-end=\"871\" \/><br \/>\nGlavni crkveni prostor velik je <strong data-start=\"903\" data-end=\"921\">25 x 12 metara<\/strong>, a ispod crkve su sagra\u0111ene pomo\u0107ne prostorije.<br data-start=\"969\" data-end=\"972\" \/><br \/>\nZa\u0161titnik crkve je <strong data-start=\"991\" data-end=\"1013\">sv. Nikola Taveli\u0107<\/strong>.<\/p>\n<p data-start=\"1018\" data-end=\"1375\">Zvonik je sagra\u0111en na pro\u010delju crkve i u njega je postavljeno zvono te\u0161ko <strong data-start=\"1092\" data-end=\"1109\">230 kilograma<\/strong>.<br data-start=\"1110\" data-end=\"1113\" \/><br \/>\nUre\u0111enje crkve, iznutra i izvana, nastavljeno je tijekom sljede\u0107ih godina: izvedena je vanjska i unutarnja fasada, postavljena stropna lamperija, provedena elektrifikacija, ure\u0111eno dvori\u0161te, postavljen <strong data-start=\"1315\" data-end=\"1329\">Kri\u017eni put<\/strong>, umjetni\u010dke slike, \u010datrnja i crkvene klupe.<\/p>\n<hr data-start=\"1377\" data-end=\"1380\" \/>\n<h6><strong data-start=\"209\" data-end=\"261\">Kronologija crkve sv. Nikole Taveli\u0107a \u2013 Radi\u0161i\u0107i \u2013\u00a0<\/strong><strong data-start=\"1389\" data-end=\"1419\">Nastavak obnove i ure\u0111enja<\/strong><\/h6>\n<ul data-start=\"263\" data-end=\"911\">\n<li data-start=\"263\" data-end=\"311\">\n<p data-start=\"265\" data-end=\"311\"><strong data-start=\"265\" data-end=\"284\">22. rujna 1980.<\/strong> \u2013 zapo\u010deta gradnja crkve<\/p>\n<\/li>\n<li data-start=\"312\" data-end=\"344\">\n<p data-start=\"314\" data-end=\"344\"><strong data-start=\"314\" data-end=\"323\">1981.<\/strong> \u2013 nabavljeno zvono<\/p>\n<\/li>\n<li data-start=\"345\" data-end=\"396\">\n<p data-start=\"347\" data-end=\"396\"><strong data-start=\"347\" data-end=\"368\">9. sije\u010dnja 1982.<\/strong> \u2013 slu\u017eena prva sveta misa<\/p>\n<\/li>\n<li data-start=\"397\" data-end=\"477\">\n<p data-start=\"399\" data-end=\"477\"><strong data-start=\"399\" data-end=\"416\">1983. \u2013 1984.<\/strong> \u2013 nastavljeno s ure\u0111enjem crkve i okoli\u0161a (izgradnja zida)<\/p>\n<\/li>\n<li data-start=\"478\" data-end=\"579\">\n<p data-start=\"480\" data-end=\"579\"><strong data-start=\"480\" data-end=\"489\">1984.<\/strong> \u2013 podignut <em data-start=\"501\" data-end=\"512\">Put kri\u017ea<\/em> (rad kipara Ante Schramadei) i postavljene slike Bernarda Kolege<\/p>\n<\/li>\n<li data-start=\"580\" data-end=\"665\">\n<p data-start=\"582\" data-end=\"665\"><strong data-start=\"582\" data-end=\"599\">1995. \u2013 2001.<\/strong> \u2013 dovr\u0161etak vanjskih radova, elektrifikacija i ure\u0111enje okoli\u0161a<\/p>\n<\/li>\n<li data-start=\"666\" data-end=\"723\">\n<p data-start=\"668\" data-end=\"723\"><strong data-start=\"668\" data-end=\"677\">2003.<\/strong> \u2013 izgra\u0111eno sakristijsko i pomo\u0107no dvori\u0161te<\/p>\n<\/li>\n<li data-start=\"724\" data-end=\"784\">\n<p data-start=\"726\" data-end=\"784\"><strong data-start=\"726\" data-end=\"735\">2009.<\/strong> \u2013 podignut kri\u017e i spomenik u crkvenom dvori\u0161tu<\/p>\n<\/li>\n<li data-start=\"785\" data-end=\"834\">\n<p data-start=\"787\" data-end=\"834\"><strong data-start=\"787\" data-end=\"796\">2019.<\/strong> \u2013 obnova crkvenih i dvori\u0161nih vrata<\/p>\n<\/li>\n<li data-start=\"835\" data-end=\"911\">\n<p data-start=\"837\" data-end=\"911\"><strong data-start=\"837\" data-end=\"846\">2024.<\/strong> \u2013 obnovljena fasada crkve i planiran nastavak unutarnje obnove<\/p>\n<\/li>\n<li data-start=\"835\" data-end=\"911\"><strong>2025.<\/strong> \u2013 zamjenjen crijep na krovu<\/li>\n<\/ul>\n","protected":false},"excerpt":{"rendered":"<p>Prvog hrvatskog sveca i franjeva\u010dkog mu\u010denika, sv. Nikolu Taveli\u0107a, vjernici \u0107e proslaviti u Radi\u0161i\u0107ima, u nedjelju 16. studenog u 11<\/p>\n","protected":false},"author":6,"featured_media":472,"comment_status":"closed","ping_status":"closed","sticky":false,"template":"","format":"standard","meta":{"footnotes":""},"categories":[5,4],"tags":[],"class_list":["post-922","post","type-post","status-publish","format-standard","has-post-thumbnail","hentry","category-radisici","category-vijesti"],"_links":{"self":[{"href":"https:\/\/radisici.ba\/index.php?rest_route=\/wp\/v2\/posts\/922","targetHints":{"allow":["GET"]}}],"collection":[{"href":"https:\/\/radisici.ba\/index.php?rest_route=\/wp\/v2\/posts"}],"about":[{"href":"https:\/\/radisici.ba\/index.php?rest_route=\/wp\/v2\/types\/post"}],"author":[{"embeddable":true,"href":"https:\/\/radisici.ba\/index.php?rest_route=\/wp\/v2\/users\/6"}],"replies":[{"embeddable":true,"href":"https:\/\/radisici.ba\/index.php?rest_route=%2Fwp%2Fv2%2Fcomments&post=922"}],"version-history":[{"count":1,"href":"https:\/\/radisici.ba\/index.php?rest_route=\/wp\/v2\/posts\/922\/revisions"}],"predecessor-version":[{"id":923,"href":"https:\/\/radisici.ba\/index.php?rest_route=\/wp\/v2\/posts\/922\/revisions\/923"}],"wp:featuredmedia":[{"embeddable":true,"href":"https:\/\/radisici.ba\/index.php?rest_route=\/wp\/v2\/media\/472"}],"wp:attachment":[{"href":"https:\/\/radisici.ba\/index.php?rest_route=%2Fwp%2Fv2%2Fmedia&parent=922"}],"wp:term":[{"taxonomy":"category","embeddable":true,"href":"https:\/\/radisici.ba\/index.php?rest_route=%2Fwp%2Fv2%2Fcategories&post=922"},{"taxonomy":"post_tag","embeddable":true,"href":"https:\/\/radisici.ba\/index.php?rest_route=%2Fwp%2Fv2%2Ftags&post=922"}],"curies":[{"name":"wp","href":"https:\/\/api.w.org\/{rel}","templated":true}]}}