{"id":873,"date":"2025-10-14T10:04:38","date_gmt":"2025-10-14T09:04:38","guid":{"rendered":"https:\/\/radisici.ba\/?p=873"},"modified":"2025-10-14T10:10:07","modified_gmt":"2025-10-14T09:10:07","slug":"zapocela-izgradnja-spomenika-zrtvama-2-svjetskog-rata-poraca-i-domovinskog-rata-iz-radisica","status":"publish","type":"post","link":"https:\/\/radisici.ba\/?p=873","title":{"rendered":"Zapo\u010dela izgradnja spomenika \u017ertvama 2. svjetskog rata, pora\u0107a i Domovinskog rata iz Radi\u0161i\u0107a"},"content":{"rendered":"<p data-start=\"167\" data-end=\"507\">Zapo\u010dela je izgradnja spomenika posve\u0107enog \u017ertvama Drugog svjetskog rata, pora\u0107a i Domovinskog rata. Ovaj zna\u010dajan projekt ima za cilj trajno obilje\u017eiti sje\u0107anje na sve nevino stradale sumje\u0161tane i branitelje koji su kroz povijest polo\u017eili \u017eivote za slobodu i dostojanstvo svoga naroda.<\/p>\n<p data-start=\"509\" data-end=\"807\">Inicijativa za izgradnju spomenika pokrenuta je ve\u0107 neko vrijeme, a u proteklim danima radi se intenzivno na realizaciji projekta.\u00a0 Projekt su podr\u017eali brojni Radi\u0161i\u0107ani koji \u017eive tu ali i oni iz dijaspore, svjesni va\u017enosti o\u010duvanja povjesnog pam\u0107enja i zajedni\u010dkog identiteta.<\/p>\n<p data-start=\"809\" data-end=\"1040\">Spomenik \u0107e biti smje\u0161ten u neposrednoj blizini mrtva\u010dnice na Krvnici, a dizajn spomenika simbolizirat \u0107e patnju, stradanje, ali i nadu u mir i budu\u0107nost.<\/p>\n<p data-start=\"809\" data-end=\"1040\">U nastavku donosimo <strong data-start=\"937\" data-end=\"954\">plan rje\u0161enja<\/strong> te <strong data-start=\"958\" data-end=\"975\">trenutnu fazu<\/strong> u kojoj se projekt nalazi.<\/p>\n<p data-start=\"809\" data-end=\"1040\"><img loading=\"lazy\" decoding=\"async\" class=\"alignnone wp-image-876 size-full\" src=\"https:\/\/radisici.ba\/wp-content\/uploads\/2025\/10\/viber_slika_2025-10-14_10-30-55-374.jpg\" alt=\"\" width=\"1600\" height=\"1200\" srcset=\"https:\/\/radisici.ba\/wp-content\/uploads\/2025\/10\/viber_slika_2025-10-14_10-30-55-374.jpg 1600w, https:\/\/radisici.ba\/wp-content\/uploads\/2025\/10\/viber_slika_2025-10-14_10-30-55-374-300x225.jpg 300w, https:\/\/radisici.ba\/wp-content\/uploads\/2025\/10\/viber_slika_2025-10-14_10-30-55-374-1024x768.jpg 1024w, https:\/\/radisici.ba\/wp-content\/uploads\/2025\/10\/viber_slika_2025-10-14_10-30-55-374-768x576.jpg 768w, https:\/\/radisici.ba\/wp-content\/uploads\/2025\/10\/viber_slika_2025-10-14_10-30-55-374-1536x1152.jpg 1536w, https:\/\/radisici.ba\/wp-content\/uploads\/2025\/10\/viber_slika_2025-10-14_10-30-55-374-200x150.jpg 200w\" sizes=\"auto, (max-width: 1600px) 100vw, 1600px\" \/><\/p>\n<p data-start=\"809\" data-end=\"1040\"><img loading=\"lazy\" decoding=\"async\" class=\"alignnone wp-image-877 size-full\" src=\"https:\/\/radisici.ba\/wp-content\/uploads\/2025\/10\/viber_slika_2025-10-14_10-31-21-308.jpg\" alt=\"\" width=\"1600\" height=\"900\" srcset=\"https:\/\/radisici.ba\/wp-content\/uploads\/2025\/10\/viber_slika_2025-10-14_10-31-21-308.jpg 1600w, https:\/\/radisici.ba\/wp-content\/uploads\/2025\/10\/viber_slika_2025-10-14_10-31-21-308-300x169.jpg 300w, https:\/\/radisici.ba\/wp-content\/uploads\/2025\/10\/viber_slika_2025-10-14_10-31-21-308-1024x576.jpg 1024w, https:\/\/radisici.ba\/wp-content\/uploads\/2025\/10\/viber_slika_2025-10-14_10-31-21-308-768x432.jpg 768w, https:\/\/radisici.ba\/wp-content\/uploads\/2025\/10\/viber_slika_2025-10-14_10-31-21-308-1536x864.jpg 1536w\" sizes=\"auto, (max-width: 1600px) 100vw, 1600px\" \/><\/p>\n<p data-start=\"809\" data-end=\"1040\"><img loading=\"lazy\" decoding=\"async\" class=\"alignnone wp-image-878 size-full\" src=\"https:\/\/radisici.ba\/wp-content\/uploads\/2025\/10\/viber_slika_2025-10-14_10-31-30-181.jpg\" alt=\"\" width=\"1600\" height=\"900\" srcset=\"https:\/\/radisici.ba\/wp-content\/uploads\/2025\/10\/viber_slika_2025-10-14_10-31-30-181.jpg 1600w, https:\/\/radisici.ba\/wp-content\/uploads\/2025\/10\/viber_slika_2025-10-14_10-31-30-181-300x169.jpg 300w, https:\/\/radisici.ba\/wp-content\/uploads\/2025\/10\/viber_slika_2025-10-14_10-31-30-181-1024x576.jpg 1024w, https:\/\/radisici.ba\/wp-content\/uploads\/2025\/10\/viber_slika_2025-10-14_10-31-30-181-768x432.jpg 768w, https:\/\/radisici.ba\/wp-content\/uploads\/2025\/10\/viber_slika_2025-10-14_10-31-30-181-1536x864.jpg 1536w\" sizes=\"auto, (max-width: 1600px) 100vw, 1600px\" \/><\/p>\n<p data-start=\"809\" data-end=\"1040\"><img loading=\"lazy\" decoding=\"async\" class=\"alignnone wp-image-879 size-full\" src=\"https:\/\/radisici.ba\/wp-content\/uploads\/2025\/10\/viber_slika_2025-10-14_10-31-41-606.jpg\" alt=\"\" width=\"1600\" height=\"900\" srcset=\"https:\/\/radisici.ba\/wp-content\/uploads\/2025\/10\/viber_slika_2025-10-14_10-31-41-606.jpg 1600w, https:\/\/radisici.ba\/wp-content\/uploads\/2025\/10\/viber_slika_2025-10-14_10-31-41-606-300x169.jpg 300w, https:\/\/radisici.ba\/wp-content\/uploads\/2025\/10\/viber_slika_2025-10-14_10-31-41-606-1024x576.jpg 1024w, https:\/\/radisici.ba\/wp-content\/uploads\/2025\/10\/viber_slika_2025-10-14_10-31-41-606-768x432.jpg 768w, https:\/\/radisici.ba\/wp-content\/uploads\/2025\/10\/viber_slika_2025-10-14_10-31-41-606-1536x864.jpg 1536w\" sizes=\"auto, (max-width: 1600px) 100vw, 1600px\" \/><\/p>\n<p style=\"text-align: right;\" data-start=\"809\" data-end=\"1040\">Radi\u0161i\u0107i portal<\/p>\n","protected":false},"excerpt":{"rendered":"<p>Zapo\u010dela je izgradnja spomenika posve\u0107enog \u017ertvama Drugog svjetskog rata, pora\u0107a i Domovinskog rata. Ovaj zna\u010dajan projekt ima za cilj trajno<\/p>\n","protected":false},"author":6,"featured_media":874,"comment_status":"closed","ping_status":"closed","sticky":false,"template":"","format":"standard","meta":{"footnotes":""},"categories":[5],"tags":[],"class_list":["post-873","post","type-post","status-publish","format-standard","has-post-thumbnail","hentry","category-radisici"],"_links":{"self":[{"href":"https:\/\/radisici.ba\/index.php?rest_route=\/wp\/v2\/posts\/873","targetHints":{"allow":["GET"]}}],"collection":[{"href":"https:\/\/radisici.ba\/index.php?rest_route=\/wp\/v2\/posts"}],"about":[{"href":"https:\/\/radisici.ba\/index.php?rest_route=\/wp\/v2\/types\/post"}],"author":[{"embeddable":true,"href":"https:\/\/radisici.ba\/index.php?rest_route=\/wp\/v2\/users\/6"}],"replies":[{"embeddable":true,"href":"https:\/\/radisici.ba\/index.php?rest_route=%2Fwp%2Fv2%2Fcomments&post=873"}],"version-history":[{"count":5,"href":"https:\/\/radisici.ba\/index.php?rest_route=\/wp\/v2\/posts\/873\/revisions"}],"predecessor-version":[{"id":883,"href":"https:\/\/radisici.ba\/index.php?rest_route=\/wp\/v2\/posts\/873\/revisions\/883"}],"wp:featuredmedia":[{"embeddable":true,"href":"https:\/\/radisici.ba\/index.php?rest_route=\/wp\/v2\/media\/874"}],"wp:attachment":[{"href":"https:\/\/radisici.ba\/index.php?rest_route=%2Fwp%2Fv2%2Fmedia&parent=873"}],"wp:term":[{"taxonomy":"category","embeddable":true,"href":"https:\/\/radisici.ba\/index.php?rest_route=%2Fwp%2Fv2%2Fcategories&post=873"},{"taxonomy":"post_tag","embeddable":true,"href":"https:\/\/radisici.ba\/index.php?rest_route=%2Fwp%2Fv2%2Ftags&post=873"}],"curies":[{"name":"wp","href":"https:\/\/api.w.org\/{rel}","templated":true}]}}