{"id":782,"date":"2025-05-02T09:48:56","date_gmt":"2025-05-02T08:48:56","guid":{"rendered":"https:\/\/radisici.ba\/?p=782"},"modified":"2025-05-02T09:49:29","modified_gmt":"2025-05-02T08:49:29","slug":"782","status":"publish","type":"post","link":"https:\/\/radisici.ba\/?p=782","title":{"rendered":"Ve\u010der poezije i sje\u0107anja: Ljubu\u0161ki odao po\u010dast prerano preminulom pjesniku Mili Luburi\u0107u"},"content":{"rendered":"<p style=\"text-align: left;\"><em><a href=\"https:\/\/radisici.ba\/wp-content\/uploads\/2025\/05\/1746173966_815_Vecer-poezije-i-sjecanja-Ljubuski-odao-pocast-prerano-preminulom-pjesniku.jpg\" rel=\"wpdevart_lightbox\"><img loading=\"lazy\" decoding=\"async\" class=\"aligncenter size-full wp-image-784\" src=\"https:\/\/radisici.ba\/wp-content\/uploads\/2025\/05\/1746173966_815_Vecer-poezije-i-sjecanja-Ljubuski-odao-pocast-prerano-preminulom-pjesniku.jpg\" alt=\"\" width=\"1024\" height=\"683\" srcset=\"https:\/\/radisici.ba\/wp-content\/uploads\/2025\/05\/1746173966_815_Vecer-poezije-i-sjecanja-Ljubuski-odao-pocast-prerano-preminulom-pjesniku.jpg 1024w, https:\/\/radisici.ba\/wp-content\/uploads\/2025\/05\/1746173966_815_Vecer-poezije-i-sjecanja-Ljubuski-odao-pocast-prerano-preminulom-pjesniku-300x200.jpg 300w, https:\/\/radisici.ba\/wp-content\/uploads\/2025\/05\/1746173966_815_Vecer-poezije-i-sjecanja-Ljubuski-odao-pocast-prerano-preminulom-pjesniku-768x512.jpg 768w, https:\/\/radisici.ba\/wp-content\/uploads\/2025\/05\/1746173966_815_Vecer-poezije-i-sjecanja-Ljubuski-odao-pocast-prerano-preminulom-pjesniku-900x600.jpg 900w\" sizes=\"auto, (max-width: 1024px) 100vw, 1024px\" \/><\/a>U emotivnoj i dostojanstvenoj atmosferi hotela Bigeste, odr\u017eana je \u201cVe\u010der sje\u0107anja i poezije\u201d povodom 50. obljetnice smrti Mile Luburi\u0107a, talentiranog pjesnika \u010diji je stvarala\u010dki \u017eivot tragi\u010dno prekinut u dobi od samo 17 godina.<\/em><\/p>\n<figure class=\"wp-block-pullquote\">\n<blockquote>\n<p style=\"text-align: center;\"><strong>ODLAZAK<br \/>\nMajko<br \/>\nrazneso\u0161e me putevi<br \/>\ni ne \u010duh vi\u0161e gange<\/strong><\/p>\n<p style=\"text-align: center;\"><cite><strong>Mile Luburi\u0107<\/strong><\/cite><\/p>\n<\/blockquote>\n<\/figure>\n<p>Na doga\u0111aju je predstavljeno pro\u0161ireno izdanje njegove posthumno objavljene zbirke pjesama pod naslovom\u00a0<em>\u201cVe\u010der II\u201d<\/em>, koje donosi ne samo njegovu poeziju, ve\u0107 i zagoneta\u010dke radove, te sje\u0107anja obitelji i prijatelja. Organizaciju ve\u010deri potpisuje udruga HKB-Bilig, koja ve\u0107 godinama sustavno radi na o\u010duvanju hrvatske kulturne i knji\u017eevne ba\u0161tine.<\/p>\n<figure class=\"wp-block-gallery has-nested-images columns-default is-cropped wp-block-gallery-1 is-layout-flex wp-block-gallery-is-layout-flex\">\n<figure class=\"wp-block-image size-large\"><\/figure>\n<figure class=\"wp-block-image size-large\"><\/figure>\n<\/figure>\n<p>Program je otvoren glazbenim nastupom sestara Ramljak, \u010diji su tonovi uveli okupljene u svijet nje\u017enosti, dubine i osje\u0107aja \u2013 svijet koji je Mile tako dojmljivo opisivao u svojim stihovima. Uvodnu rije\u010d dala je voditeljica ve\u010deri Bjanka Medi\u0107 , istaknuv\u0161i va\u017enost ove ve\u010deri kao \u010dina sje\u0107anja, ali i potvrde da istinska umjetnost nadilazi vrijeme.<\/p>\n<p>Posebno dirljiv trenutak bio je govor Branka Luburi\u0107a, Milina brata, koji je podijelio osobne uspomene i naglasio kako je Milina du\u0161a \u017eivjela kroz stihove, rije\u010di i zagoneta\u0161tvo koje je volio.<\/p>\n<figure class=\"wp-block-gallery has-nested-images columns-default is-cropped wp-block-gallery-3 is-layout-flex wp-block-gallery-is-layout-flex\">\n<figure class=\"wp-block-image size-large\"><\/figure>\n<figure class=\"wp-block-image size-large\"><\/figure>\n<\/figure>\n<figure class=\"wp-block-gallery has-nested-images columns-default is-cropped wp-block-gallery-4 is-layout-flex wp-block-gallery-is-layout-flex\">\n<figure class=\"wp-block-image size-large\"><\/figure>\n<figure class=\"wp-block-image size-large\"><\/figure>\n<\/figure>\n<p>Uslijedile su recitacije Milinih pjesama u izvedbi Vice Maji\u0107a, Marijane Stoji\u0107, Fran\u010deske Luburi\u0107 i Ivane Katarine \u010cuture, koje su dodatno o\u017eivjele glas mladog pjesnika.<\/p>\n<figure class=\"wp-block-pullquote\">\n<blockquote><p><strong>EPITAF<br \/>\nI moja je pjesma duboka<br \/>\n-ko ti\u0161ina rodnih propunti!<br \/>\nMile Luburi\u0107<\/strong><\/p><\/blockquote>\n<\/figure>\n<p>Prof. dr. sc. Ante \u010cuvalo, predsjednik udruge HKB-Bilig, govorio je o va\u017enosti \u010duvanja kulturnog pam\u0107enja, dok je Stanko \u0160arac predstavio Milin enigmatski opus, istaknuv\u0161i kako je njegova strast prema rije\u010dima bila sveobuhvatna.<\/p>\n<p>Dr. sc. Marina Kljajo-Radi\u0107, knji\u017eevna znanstvenica i recenzentica zbirke, detaljnije je analizirala poetsku snagu Milinih tekstova, nazvav\u0161i ga \u201cmladim genijem \u010dija ti\u0161ina govori glasno\u201d.<\/p>\n<p>\u201cIme Mile Luburi\u0107a zasigurno bi bilo jedno od najimpozitnijih pjesni\u010dkih imena moderne hrvatske knji\u017eevnosti da se za njega znalo u knji\u017eevnoj javnosti, odnosno da je u nju bilo involvirano. Mladi\u0107 koji je jo\u0161 kao dje\u010dak pisao stihove zrelog \u010dovjeka, mislioca i poete, u knji\u017eevnoj je povijesti pravo poetsko \u010dudo, usporedivo sa Mozartovim ranim stvaranjem. Mile svojim djelom potvr\u0111uje tezu da se pjesnikom ne postaje, nego se pjesnikom ra\u0111a.\u201d<\/p>\n<figure class=\"wp-block-gallery has-nested-images columns-default is-cropped wp-block-gallery-5 is-layout-flex wp-block-gallery-is-layout-flex\">\n<figure class=\"wp-block-image size-large\"><\/figure>\n<figure class=\"wp-block-image size-large\"><\/figure>\n<\/figure>\n<figure class=\"wp-block-gallery has-nested-images columns-default is-cropped wp-block-gallery-6 is-layout-flex wp-block-gallery-is-layout-flex\">\n<figure class=\"wp-block-image size-large\"><\/figure>\n<figure class=\"wp-block-image size-large\"><\/figure>\n<\/figure>\n<p>Posjetitelji su imali priliku kupiti knjigu\u00a0<em>Ve\u010der II<\/em>, \u010dime su podr\u017eali inicijativu da se glasovi poput Milinog ne zaborave.Na kraju ve\u010deri upu\u0107ena je iskrena zahvala obitelji Luburi\u0107 svima koji su sudjelovali u stvaranju i izdanju ove knjige.<br \/>\n<iframe loading=\"lazy\" style=\"border: none; overflow: hidden;\" src=\"https:\/\/www.facebook.com\/plugins\/post.php?href=https%3A%2F%2Fwww.facebook.com%2Fportalradisica%2Fposts%2Fpfbid02ww475VXkNNE9PC8BPX2vXAAcNfxQym7oPuwAcgoV3ueqPRrRpLYKEPUJkJB64NEl&amp;show_text=true&amp;width=500\" width=\"500\" height=\"667\" frameborder=\"0\" scrolling=\"no\" allowfullscreen=\"allowfullscreen\"><\/iframe><\/p>\n<p>Ova ve\u010der bila je vi\u0161e od predstavljanja knjige \u2013 bila je sna\u017ean podsjetnik na mo\u0107 poezije, na ljepotu rije\u010di koje ostaju, \u010dak i kad nas njihovi autori prerano napuste.<\/p>\n<figure class=\"wp-block-gallery has-nested-images columns-default is-cropped wp-block-gallery-7 is-layout-flex wp-block-gallery-is-layout-flex\">\n<figure class=\"wp-block-image size-large\"><\/figure>\n<\/figure>\n<p><iframe loading=\"lazy\" style=\"border: none; overflow: hidden;\" src=\"https:\/\/www.facebook.com\/plugins\/video.php?height=476&amp;href=https%3A%2F%2Fwww.facebook.com%2Fportalradisica%2Fvideos%2F2448270202233692%2F&amp;show_text=false&amp;width=267&amp;t=0\" width=\"267\" height=\"476\" frameborder=\"0\" scrolling=\"no\" allowfullscreen=\"allowfullscreen\"><\/iframe><br \/>\nRadio Ljubu\u0161ki<\/p>\n<p>Foto: Denis Luburi\u0107<\/p>\n<p>&nbsp;<\/p>\n","protected":false},"excerpt":{"rendered":"<p>U emotivnoj i dostojanstvenoj atmosferi hotela Bigeste, odr\u017eana je \u201cVe\u010der sje\u0107anja i poezije\u201d povodom 50. obljetnice smrti Mile Luburi\u0107a, talentiranog<\/p>\n","protected":false},"author":2,"featured_media":783,"comment_status":"closed","ping_status":"closed","sticky":false,"template":"","format":"standard","meta":{"footnotes":""},"categories":[5],"tags":[],"class_list":["post-782","post","type-post","status-publish","format-standard","has-post-thumbnail","hentry","category-radisici"],"_links":{"self":[{"href":"https:\/\/radisici.ba\/index.php?rest_route=\/wp\/v2\/posts\/782","targetHints":{"allow":["GET"]}}],"collection":[{"href":"https:\/\/radisici.ba\/index.php?rest_route=\/wp\/v2\/posts"}],"about":[{"href":"https:\/\/radisici.ba\/index.php?rest_route=\/wp\/v2\/types\/post"}],"author":[{"embeddable":true,"href":"https:\/\/radisici.ba\/index.php?rest_route=\/wp\/v2\/users\/2"}],"replies":[{"embeddable":true,"href":"https:\/\/radisici.ba\/index.php?rest_route=%2Fwp%2Fv2%2Fcomments&post=782"}],"version-history":[{"count":2,"href":"https:\/\/radisici.ba\/index.php?rest_route=\/wp\/v2\/posts\/782\/revisions"}],"predecessor-version":[{"id":786,"href":"https:\/\/radisici.ba\/index.php?rest_route=\/wp\/v2\/posts\/782\/revisions\/786"}],"wp:featuredmedia":[{"embeddable":true,"href":"https:\/\/radisici.ba\/index.php?rest_route=\/wp\/v2\/media\/783"}],"wp:attachment":[{"href":"https:\/\/radisici.ba\/index.php?rest_route=%2Fwp%2Fv2%2Fmedia&parent=782"}],"wp:term":[{"taxonomy":"category","embeddable":true,"href":"https:\/\/radisici.ba\/index.php?rest_route=%2Fwp%2Fv2%2Fcategories&post=782"},{"taxonomy":"post_tag","embeddable":true,"href":"https:\/\/radisici.ba\/index.php?rest_route=%2Fwp%2Fv2%2Ftags&post=782"}],"curies":[{"name":"wp","href":"https:\/\/api.w.org\/{rel}","templated":true}]}}