{"id":773,"date":"2025-04-23T20:27:27","date_gmt":"2025-04-23T19:27:27","guid":{"rendered":"https:\/\/radisici.ba\/?p=773"},"modified":"2025-04-23T20:29:05","modified_gmt":"2025-04-23T19:29:05","slug":"predstavljanje-knjige-stvaralastva-mile-luburica-vecer-ii","status":"publish","type":"post","link":"https:\/\/radisici.ba\/?p=773","title":{"rendered":"Predstavljanje knjige stvarala\u0161tva Mile Luburi\u0107a &#8211; Ve\u010der II"},"content":{"rendered":"<p style=\"text-align: left;\"><span style=\"color: #222222;\"><span style=\"font-family: Helvetica, serif;\"><a href=\"https:\/\/radisici.ba\/wp-content\/uploads\/2025\/04\/mile.jpg\" rel=\"wpdevart_lightbox\"><img loading=\"lazy\" decoding=\"async\" class=\"aligncenter size-full wp-image-774\" src=\"https:\/\/radisici.ba\/wp-content\/uploads\/2025\/04\/mile.jpg\" alt=\"\" width=\"1828\" height=\"2371\" srcset=\"https:\/\/radisici.ba\/wp-content\/uploads\/2025\/04\/mile.jpg 1828w, https:\/\/radisici.ba\/wp-content\/uploads\/2025\/04\/mile-231x300.jpg 231w, https:\/\/radisici.ba\/wp-content\/uploads\/2025\/04\/mile-789x1024.jpg 789w, https:\/\/radisici.ba\/wp-content\/uploads\/2025\/04\/mile-768x996.jpg 768w, https:\/\/radisici.ba\/wp-content\/uploads\/2025\/04\/mile-1184x1536.jpg 1184w, https:\/\/radisici.ba\/wp-content\/uploads\/2025\/04\/mile-1579x2048.jpg 1579w\" sizes=\"auto, (max-width: 1828px) 100vw, 1828px\" \/><\/a>U \u010detvrtak, 1. svibnja 2025. u hotelu Bigeste u Ljubu\u0161kom s po\u010detkom\u00a0u 19 sati organiziramo predstavljanje knjige stvarala\u0161tva Mile Luburi\u0107a &#8211; Ve\u010der II,\u00a0u nakladi\u00a0na\u0161e udruge HKB-Bilig (Hercegova\u010dka kulturna ba\u0161tina &#8211; Bilig).<\/span><\/span><\/p>\n<p><span style=\"color: #222222;\"><span style=\"font-family: Helvetica, serif;\">Radi se o drugom izdanju njegove posthumno izdane zbirke pjesama Ve\u010der, pro\u0161irene enigmatskim stvarala\u0161tvom i sje\u0107anjima njegove rodbine i prijatelja.<\/span><\/span><\/p>\n<p><span style=\"color: #222222;\"><span style=\"font-family: Helvetica, serif;\">Milin \u017eivot\u00a0 okon\u010dan je nesretnim slu\u010dajem, 1.svibnja 1975. kada je imao samo sedamnaest godina, ali je svojim zrelim pjesni\u010dkim izri\u010dajem dao naslutiti veliki potencijal, ravan A. B. \u0160imi\u0107u, Maku Dizdaru\u2026<\/span><\/span><\/p>\n<p><span style=\"color: #222222;\"><span style=\"font-family: Helvetica, serif;\">Predgovor\u00a0za knjigu je napisala dr. sc. Marina Kljajo-Radi\u0107 koja je uz prof. Matu Grbavca i recenzentica knjige.<\/span><\/span><\/p>\n<p><span style=\"color: #222222;\"><span style=\"font-family: Helvetica, serif;\">Predstavlja\u010di \u0107e biti pjesnikov brat Branko Luburi\u0107, enigmati\u010dar Stanko \u0160arac i knji\u017eevnica dr. sc. Marina Kljajo-Radi\u0107. Prisutnima \u0107e se obratiti\u00a0i predsjednik udruge HKB-Bilig dr. sc. Ante \u010cuvalo.\u00a0<\/span><\/span><\/p>\n<p><span style=\"color: #222222;\"><span style=\"font-family: Helvetica, serif;\">U glazbenom dijelu programa \u0107e nastupiti sestre Ramljak. Moderatorica je Bjanka Medi\u0107.\u00a0<\/span><\/span><\/p>\n<p>&nbsp;<\/p>\n","protected":false},"excerpt":{"rendered":"<p>U \u010detvrtak, 1. svibnja 2025. u hotelu Bigeste u Ljubu\u0161kom s po\u010detkom\u00a0u 19 sati organiziramo predstavljanje knjige stvarala\u0161tva Mile Luburi\u0107a<\/p>\n","protected":false},"author":2,"featured_media":774,"comment_status":"closed","ping_status":"closed","sticky":false,"template":"","format":"standard","meta":{"footnotes":""},"categories":[5],"tags":[],"class_list":["post-773","post","type-post","status-publish","format-standard","has-post-thumbnail","hentry","category-radisici"],"_links":{"self":[{"href":"https:\/\/radisici.ba\/index.php?rest_route=\/wp\/v2\/posts\/773","targetHints":{"allow":["GET"]}}],"collection":[{"href":"https:\/\/radisici.ba\/index.php?rest_route=\/wp\/v2\/posts"}],"about":[{"href":"https:\/\/radisici.ba\/index.php?rest_route=\/wp\/v2\/types\/post"}],"author":[{"embeddable":true,"href":"https:\/\/radisici.ba\/index.php?rest_route=\/wp\/v2\/users\/2"}],"replies":[{"embeddable":true,"href":"https:\/\/radisici.ba\/index.php?rest_route=%2Fwp%2Fv2%2Fcomments&post=773"}],"version-history":[{"count":2,"href":"https:\/\/radisici.ba\/index.php?rest_route=\/wp\/v2\/posts\/773\/revisions"}],"predecessor-version":[{"id":776,"href":"https:\/\/radisici.ba\/index.php?rest_route=\/wp\/v2\/posts\/773\/revisions\/776"}],"wp:featuredmedia":[{"embeddable":true,"href":"https:\/\/radisici.ba\/index.php?rest_route=\/wp\/v2\/media\/774"}],"wp:attachment":[{"href":"https:\/\/radisici.ba\/index.php?rest_route=%2Fwp%2Fv2%2Fmedia&parent=773"}],"wp:term":[{"taxonomy":"category","embeddable":true,"href":"https:\/\/radisici.ba\/index.php?rest_route=%2Fwp%2Fv2%2Fcategories&post=773"},{"taxonomy":"post_tag","embeddable":true,"href":"https:\/\/radisici.ba\/index.php?rest_route=%2Fwp%2Fv2%2Ftags&post=773"}],"curies":[{"name":"wp","href":"https:\/\/api.w.org\/{rel}","templated":true}]}}