{"id":767,"date":"2025-04-12T09:29:43","date_gmt":"2025-04-12T08:29:43","guid":{"rendered":"https:\/\/radisici.ba\/?p=767"},"modified":"2025-04-12T09:29:43","modified_gmt":"2025-04-12T08:29:43","slug":"put-kriza-na-krvnici-foto-video","status":"publish","type":"post","link":"https:\/\/radisici.ba\/?p=767","title":{"rendered":"PUT KRI\u017dA NA KRVNICI (foto &#038; video)"},"content":{"rendered":"<p style=\"text-align: left;\"><a href=\"https:\/\/radisici.ba\/wp-content\/uploads\/2025\/04\/Put-kriza-19.jpg\" rel=\"wpdevart_lightbox\"><img loading=\"lazy\" decoding=\"async\" class=\"size-full wp-image-769\" src=\"https:\/\/radisici.ba\/wp-content\/uploads\/2025\/04\/Put-kriza-19.jpg\" alt=\"\" width=\"1600\" height=\"1200\" srcset=\"https:\/\/radisici.ba\/wp-content\/uploads\/2025\/04\/Put-kriza-19.jpg 1600w, https:\/\/radisici.ba\/wp-content\/uploads\/2025\/04\/Put-kriza-19-300x225.jpg 300w, https:\/\/radisici.ba\/wp-content\/uploads\/2025\/04\/Put-kriza-19-1024x768.jpg 1024w, https:\/\/radisici.ba\/wp-content\/uploads\/2025\/04\/Put-kriza-19-768x576.jpg 768w, https:\/\/radisici.ba\/wp-content\/uploads\/2025\/04\/Put-kriza-19-1536x1152.jpg 1536w, https:\/\/radisici.ba\/wp-content\/uploads\/2025\/04\/Put-kriza-19-200x150.jpg 200w\" sizes=\"auto, (max-width: 1600px) 100vw, 1600px\" \/><\/a>U Radi\u0161i\u0107ima je ju\u010der odr\u017ean prvi kri\u017eni put od Krvnice do zavjetnog kriza na brdu, gdje se zajedno mole\u0107i okupilo oko 250 vjernika. Kri\u017eni put predvodio je fra Vinko Ba\u0107ak ,uz pratnju novaka iz huma\u010dkog novicijata.<\/p>\n<p>Nadamo se da \u0107e ovaj put kri\u017ea u Radi\u0161i\u0107ima postati tradicija.<\/p>\n<p>U nastavku pogledajte slike i video.<a href=\"https:\/\/radisici.ba\/wp-content\/uploads\/2025\/04\/k.jpg\" rel=\"wpdevart_lightbox\"><br \/>\n<\/a><\/p>\n<p><iframe loading=\"lazy\" style=\"border: none; overflow: hidden;\" src=\"https:\/\/www.facebook.com\/plugins\/post.php?href=https%3A%2F%2Fwww.facebook.com%2Fportalradisica%2Fposts%2Fpfbid02svupj9VwDB4SCNLTJwNEkYv7GzrYBfEcP8oTbzFNYMEmjQRe7zY7jhdtXsb5xnaQl&amp;show_text=true&amp;width=500\" width=\"500\" height=\"645\" frameborder=\"0\" scrolling=\"no\" allowfullscreen=\"allowfullscreen\"><\/iframe><\/p>\n<p><iframe loading=\"lazy\" title=\"Put Kri\u017ea-Krvnica .11.4.25\" width=\"640\" height=\"360\" src=\"https:\/\/www.youtube.com\/embed\/dW6m9Pcm_Jw?feature=oembed\" frameborder=\"0\" allow=\"accelerometer; autoplay; clipboard-write; encrypted-media; gyroscope; picture-in-picture; web-share\" referrerpolicy=\"strict-origin-when-cross-origin\" allowfullscreen><\/iframe><\/p>\n","protected":false},"excerpt":{"rendered":"<p>U Radi\u0161i\u0107ima je ju\u010der odr\u017ean prvi kri\u017eni put od Krvnice do zavjetnog kriza na brdu, gdje se zajedno mole\u0107i okupilo<\/p>\n","protected":false},"author":2,"featured_media":768,"comment_status":"closed","ping_status":"closed","sticky":false,"template":"","format":"standard","meta":{"footnotes":""},"categories":[5],"tags":[],"class_list":["post-767","post","type-post","status-publish","format-standard","has-post-thumbnail","hentry","category-radisici"],"_links":{"self":[{"href":"https:\/\/radisici.ba\/index.php?rest_route=\/wp\/v2\/posts\/767","targetHints":{"allow":["GET"]}}],"collection":[{"href":"https:\/\/radisici.ba\/index.php?rest_route=\/wp\/v2\/posts"}],"about":[{"href":"https:\/\/radisici.ba\/index.php?rest_route=\/wp\/v2\/types\/post"}],"author":[{"embeddable":true,"href":"https:\/\/radisici.ba\/index.php?rest_route=\/wp\/v2\/users\/2"}],"replies":[{"embeddable":true,"href":"https:\/\/radisici.ba\/index.php?rest_route=%2Fwp%2Fv2%2Fcomments&post=767"}],"version-history":[{"count":1,"href":"https:\/\/radisici.ba\/index.php?rest_route=\/wp\/v2\/posts\/767\/revisions"}],"predecessor-version":[{"id":770,"href":"https:\/\/radisici.ba\/index.php?rest_route=\/wp\/v2\/posts\/767\/revisions\/770"}],"wp:featuredmedia":[{"embeddable":true,"href":"https:\/\/radisici.ba\/index.php?rest_route=\/wp\/v2\/media\/768"}],"wp:attachment":[{"href":"https:\/\/radisici.ba\/index.php?rest_route=%2Fwp%2Fv2%2Fmedia&parent=767"}],"wp:term":[{"taxonomy":"category","embeddable":true,"href":"https:\/\/radisici.ba\/index.php?rest_route=%2Fwp%2Fv2%2Fcategories&post=767"},{"taxonomy":"post_tag","embeddable":true,"href":"https:\/\/radisici.ba\/index.php?rest_route=%2Fwp%2Fv2%2Ftags&post=767"}],"curies":[{"name":"wp","href":"https:\/\/api.w.org\/{rel}","templated":true}]}}