{"id":751,"date":"2025-04-06T15:14:30","date_gmt":"2025-04-06T14:14:30","guid":{"rendered":"https:\/\/radisici.ba\/?p=751"},"modified":"2025-04-06T15:16:28","modified_gmt":"2025-04-06T14:16:28","slug":"najava-put-kriza-od-krvnice-do-novog-zavjetnog-kriza","status":"publish","type":"post","link":"https:\/\/radisici.ba\/?p=751","title":{"rendered":"NAJAVA: PUT KRI\u017dA OD KRVNICE DO NOVOG ZAVJETNOG KRI\u017dA"},"content":{"rendered":"<p><img loading=\"lazy\" decoding=\"async\" class=\"size-medium wp-image-752 alignleft\" src=\"https:\/\/radisici.ba\/wp-content\/uploads\/2025\/04\/PUT-KRIZA-240x300.jpg\" alt=\"\" width=\"240\" height=\"300\" srcset=\"https:\/\/radisici.ba\/wp-content\/uploads\/2025\/04\/PUT-KRIZA-240x300.jpg 240w, https:\/\/radisici.ba\/wp-content\/uploads\/2025\/04\/PUT-KRIZA-819x1024.jpg 819w, https:\/\/radisici.ba\/wp-content\/uploads\/2025\/04\/PUT-KRIZA-768x960.jpg 768w, https:\/\/radisici.ba\/wp-content\/uploads\/2025\/04\/PUT-KRIZA.jpg 1080w\" sizes=\"auto, (max-width: 240px) 100vw, 240px\" \/>Dragi Radi\u0161i\u0107ani! U petak, 11.travnja 2025. s po\u010detkom u 18:30 sati planiran je Put Kri\u017ea od groblja Krvnica do novog zavjetnog kri\u017ea iznad Radi\u0161i\u0107a.<\/p>\n<p>&nbsp;<\/p>\n<p>&nbsp;<\/p>\n<p>&nbsp;<\/p>\n<p>&nbsp;<\/p>\n<p style=\"text-align: center;\">\u00a0\u00a0\u00a0\u00a0\u00a0\u00a0\u00a0\u00a0\u00a0\u00a0\u00a0\u00a0\u00a0\u00a0\u00a0\u00a0\u00a0\u00a0\u00a0\u00a0\u00a0\u00a0\u00a0\u00a0\u00a0\u00a0\u00a0\u00a0\u00a0\u00a0\u00a0\u00a0\u00a0\u00a0\u00a0\u00a0\u00a0\u00a0\u00a0\u00a0\u00a0\u00a0\u00a0\u00a0\u00a0\u00a0\u00a0\u00a0<strong>\u00a0\u00a0 Pozivamo na\u0161e \u017eupljane da nam se pridru\u017ee u ovoj pobo\u017enosti.<\/strong><\/p>\n","protected":false},"excerpt":{"rendered":"<p>Dragi Radi\u0161i\u0107ani! U petak, 11.travnja 2025. s po\u010detkom u 18:30 sati planiran je Put Kri\u017ea od groblja Krvnica do novog<\/p>\n","protected":false},"author":6,"featured_media":593,"comment_status":"closed","ping_status":"closed","sticky":false,"template":"","format":"standard","meta":{"footnotes":""},"categories":[5],"tags":[],"class_list":["post-751","post","type-post","status-publish","format-standard","has-post-thumbnail","hentry","category-radisici"],"_links":{"self":[{"href":"https:\/\/radisici.ba\/index.php?rest_route=\/wp\/v2\/posts\/751","targetHints":{"allow":["GET"]}}],"collection":[{"href":"https:\/\/radisici.ba\/index.php?rest_route=\/wp\/v2\/posts"}],"about":[{"href":"https:\/\/radisici.ba\/index.php?rest_route=\/wp\/v2\/types\/post"}],"author":[{"embeddable":true,"href":"https:\/\/radisici.ba\/index.php?rest_route=\/wp\/v2\/users\/6"}],"replies":[{"embeddable":true,"href":"https:\/\/radisici.ba\/index.php?rest_route=%2Fwp%2Fv2%2Fcomments&post=751"}],"version-history":[{"count":7,"href":"https:\/\/radisici.ba\/index.php?rest_route=\/wp\/v2\/posts\/751\/revisions"}],"predecessor-version":[{"id":759,"href":"https:\/\/radisici.ba\/index.php?rest_route=\/wp\/v2\/posts\/751\/revisions\/759"}],"wp:featuredmedia":[{"embeddable":true,"href":"https:\/\/radisici.ba\/index.php?rest_route=\/wp\/v2\/media\/593"}],"wp:attachment":[{"href":"https:\/\/radisici.ba\/index.php?rest_route=%2Fwp%2Fv2%2Fmedia&parent=751"}],"wp:term":[{"taxonomy":"category","embeddable":true,"href":"https:\/\/radisici.ba\/index.php?rest_route=%2Fwp%2Fv2%2Fcategories&post=751"},{"taxonomy":"post_tag","embeddable":true,"href":"https:\/\/radisici.ba\/index.php?rest_route=%2Fwp%2Fv2%2Ftags&post=751"}],"curies":[{"name":"wp","href":"https:\/\/api.w.org\/{rel}","templated":true}]}}