{"id":74,"date":"2024-01-07T18:42:08","date_gmt":"2024-01-07T17:42:08","guid":{"rendered":"https:\/\/radisici.ba\/?p=74"},"modified":"2024-01-09T22:40:49","modified_gmt":"2024-01-09T21:40:49","slug":"od-ovog-ljeta-vece-mirovine-i-onima-u-bih-koji-su-ih-zaradili-u-njemackoj","status":"publish","type":"post","link":"https:\/\/radisici.ba\/?p=74","title":{"rendered":"Od ovog ljeta ve\u0107e mirovine i onima u BiH koji su ih zaradili u Njema\u010dkoj"},"content":{"rendered":"<div class=\"single-article__row\">\n<div class=\"text text--large\">\n<p style=\"text-align: justify;\">Savezna vlada u Njema\u010dkoj uvodi promjene vezane uz osiguranje i poreze, zbog \u010dega \u0107e mnogi zaposlenici dobiti manje pla\u0107e. Dijaspora je jo\u0161 na odmoru u rodnoj BiH. Osjeti se to po kafi\u0107ima i restoranima, gdje se susre\u0107u poznata lica onih koji godinama ne \u017eive tu, a rado do\u0111u za Bo\u017ei\u0107 i Novu godinu te druge blagdane i praznike kad mogu biti sa svojima, pi\u0161e <strong>Ve\u010dernji list BiH. <\/strong>Kako ih ovih dana susre\u0107emo, slu\u0161amo i pri\u010de o \u017eivotu u tu\u0111ini, prednostima, nedostacima.<\/p>\n<p>&nbsp;<\/p>\n<\/div>\n<\/div>\n<div class=\"single-article__content\">\n<div id=\"js_content\" class=\"js-bannerInArticleWrap js-prerollInArticleWrap\">\n<p style=\"text-align: justify;\"><strong>Poskupljenje javnog prijevoza<\/strong><\/p>\n<p style=\"text-align: justify;\">&#8211; Do\u0161ao sam kao operater na CNC stroju prije 10 godina. Iskreno, tada je to bila njema\u010dka pri\u010da, rad, red, disciplina. A onda se zemlja otvorila i po\u010dela je ulaziti radna snaga kojoj je dra\u017ei \u017eivot na socijali nego posao. U tvrtki je manje posla, a ja, umjesto da se posvetim svom radu, obu\u010davam po desetke novih radnika koji sporo usvajaju znanje ili ga nikako ne usvoje. Najgore mi je \u0161to ne znaju dobro jezik pa se ne mo\u017eemo ni sporazumjeti, a i za stroj treba znati dosta njema\u010dkih rije\u010di. Nije to vi\u0161e ozra\u010dje kakvo je bilo prije &#8211; pri\u010da nam sugovornik s kojim smo ovih dana &#8220;pro\u0107akulali&#8221; uz kavu u jednom od kafi\u0107a. Brojne su promjene uslijedile od po\u010detka 2024. godine u Njema\u010dkoj, a na\u0161e ljude \u010deka pove\u0107anje cijena goriva i plina, poskupljenje javnog prijevoza, pa \u010dak i manje pla\u0107e. Krenimo od situacije s prijevozom. Po toni ispu\u0161tenog uglji\u010dnog dioksida pla\u0107at \u0107e se 45 umjesto dosada\u0161njih 30 eura, \u0161to je po\u010detak daljnjeg pove\u0107anja poreza na CO2 po toni jer se ista pove\u0107anja cijena planiraju i za 2025. godinu, a \u0161to dovodi do rasta cijene goriva. Onda dolazimo do onog \u0161to radnike najvi\u0161e zanima, a to su pla\u0107e.<\/p>\n<p style=\"text-align: justify;\">&#8211; Savezna vlada u Njema\u010dkoj uvodi promjene vezane uz osiguranje i poreze, zbog \u010dega \u0107e mnogi zaposlenici dobiti manje pla\u0107e. Naime, uvodi se pove\u0107anje doprinosa za osiguranja pa \u0107e se ve\u0107i iznosi odbijati od pla\u0107a, \u0161to \u0107e dovesti do manjih neto pla\u0107a. Od 1. sije\u010dnja 2024. godine pojedini \u0107e gra\u0111ani, poput roditelja, imati ve\u0107a primanja, no drugi \u0107e raditi jednako za manju pla\u0107u &#8211; navodi Fenix magazin i obja\u0161njava da \u0107e se to dogoditi zbog novih doprinosa za socijalno osiguranje.<\/p>\n<p style=\"text-align: justify;\">Prema navodima stru\u010dnjaka iz Barmer osiguranja, zaposlenici \u010dija su primanja ispod granice za utvr\u0111ivanje doprinosa pla\u0107aju doprinose za socijalno osiguranje na cjelokupni bruto dohodak. Koliko-toliko radnike bi trebala razveseliti \u010dinjenica da ih \u010deka bonus od 600 eura. Rije\u010d je o dodatku za radnike koji je uveden jo\u0161 u doba pandemije, a ove godine je pove\u0107an.<\/p>\n<p style=\"text-align: justify;\">&#8211; Dodatak za ku\u0107ni ured bit \u0107e produljen i pobolj\u0161an. Svatko tko preda poreznu prijavu za 2023. godinu u ovoj, 2024. godini mo\u017ee potra\u017eivati punih 210 dana za rad od ku\u0107e. Radni dan u svoja \u010detiri zida napla\u0107uje se 6 eura. Prema informacijama iz vlade, pau\u0161al biste mogli dobiti bez obzira na to je li vam ured blizu, imate li posebno namje\u0161tenu radnu sobu ili samo stol i stolicu. Pove\u0107anjem naknade za ku\u0107ni ured vlada \u017eeli nadoknaditi ve\u0107e tro\u0161kove prouzro\u010dene inflacijom i cijenama energije &#8211; navodi se u priop\u0107enju savezne vlade. Ono \u0161to posebno raduje je rast mirovine za 3,5 posto, i to od ljeta, pa \u0107e tako i u BiH do\u0107i koji milijun maraka vi\u0161e na ra\u010dun onih koji su oti\u0161li u mirovinu, a onda je provode u svojoj rodnoj zemlji. I koliko god ove promjene imaju i manjkavosti, osobito one koje su vezane uz smanjenje pla\u0107a u najja\u010doj europskoj dr\u017eavi, ona \u0107e i dalje ostati gospodarski gigant koji stalno iznalazi rje\u0161enja. Dajana Zori\u0107, koja je ove prostore napustila prije \u0161est godina, ka\u017ee da je danas uspje\u0161na iako joj nedostaje mnogo toga, od obitelji do na\u010dina \u017eivota na koji je navikla.<\/p>\n<p>&nbsp;<\/p>\n<p style=\"text-align: justify;\"><strong>Ure\u0111eniji sustav<\/strong><\/p>\n<p style=\"text-align: justify;\">&#8211; Kada bih rekla da sam bila najsretnija na svijetu, vjerojatno bih lagala. \u010covjek koji ostavi sve iza sebe, kada cijela obitelj ostane, i do\u0111e u mjesto gdje nikoga ne poznaje, gdje jezik ne razumije savr\u0161eno, nije ba\u0161 med i mlijeko. Mogu re\u0107i da sam uspje\u0161na. Najvi\u0161e mi se svidio osje\u0107aj sigurnosti, a to se osjeti ve\u0107 nakon nekoliko pla\u0107a, ure\u0111eniji sustav, ista pravila vrijede za sve &#8211; kazala je. I upravo u tim informacijama razlog je zbog \u010dega se i dalje rado odlazi u &#8220;obe\u0107anu zemlju&#8221;.<\/p>\n<\/div>\n<\/div>\n","protected":false},"excerpt":{"rendered":"<p>Savezna vlada u Njema\u010dkoj uvodi promjene vezane uz osiguranje i poreze, zbog \u010dega \u0107e mnogi zaposlenici dobiti manje pla\u0107e. Dijaspora<\/p>\n","protected":false},"author":2,"featured_media":75,"comment_status":"closed","ping_status":"closed","sticky":false,"template":"","format":"standard","meta":{"footnotes":""},"categories":[4],"tags":[],"class_list":["post-74","post","type-post","status-publish","format-standard","has-post-thumbnail","hentry","category-vijesti"],"_links":{"self":[{"href":"https:\/\/radisici.ba\/index.php?rest_route=\/wp\/v2\/posts\/74","targetHints":{"allow":["GET"]}}],"collection":[{"href":"https:\/\/radisici.ba\/index.php?rest_route=\/wp\/v2\/posts"}],"about":[{"href":"https:\/\/radisici.ba\/index.php?rest_route=\/wp\/v2\/types\/post"}],"author":[{"embeddable":true,"href":"https:\/\/radisici.ba\/index.php?rest_route=\/wp\/v2\/users\/2"}],"replies":[{"embeddable":true,"href":"https:\/\/radisici.ba\/index.php?rest_route=%2Fwp%2Fv2%2Fcomments&post=74"}],"version-history":[{"count":2,"href":"https:\/\/radisici.ba\/index.php?rest_route=\/wp\/v2\/posts\/74\/revisions"}],"predecessor-version":[{"id":138,"href":"https:\/\/radisici.ba\/index.php?rest_route=\/wp\/v2\/posts\/74\/revisions\/138"}],"wp:featuredmedia":[{"embeddable":true,"href":"https:\/\/radisici.ba\/index.php?rest_route=\/wp\/v2\/media\/75"}],"wp:attachment":[{"href":"https:\/\/radisici.ba\/index.php?rest_route=%2Fwp%2Fv2%2Fmedia&parent=74"}],"wp:term":[{"taxonomy":"category","embeddable":true,"href":"https:\/\/radisici.ba\/index.php?rest_route=%2Fwp%2Fv2%2Fcategories&post=74"},{"taxonomy":"post_tag","embeddable":true,"href":"https:\/\/radisici.ba\/index.php?rest_route=%2Fwp%2Fv2%2Ftags&post=74"}],"curies":[{"name":"wp","href":"https:\/\/api.w.org\/{rel}","templated":true}]}}