{"id":686,"date":"2024-11-13T15:20:53","date_gmt":"2024-11-13T14:20:53","guid":{"rendered":"https:\/\/radisici.ba\/?p=686"},"modified":"2024-11-13T15:20:53","modified_gmt":"2024-11-13T14:20:53","slug":"najava-proslava-sv-nikole-tavelica-u-radisicima","status":"publish","type":"post","link":"https:\/\/radisici.ba\/?p=686","title":{"rendered":"NAJAVA: Proslava sv. Nikole Taveli\u0107a u Radi\u0161i\u0107ima"},"content":{"rendered":"<p>U nastavku Vam donosimo program trodnevnice i svetkovine na\u0161eg za\u0161titnika sv. Nikole Taveli\u0107a,\u00a0 zanimljivosti o njegovom \u017eivotu te kronologiju crkve od njene gradnje do danas.<\/p>\n<div id='gallery-1' class='gallery galleryid-686 gallery-columns-1 gallery-size-full'><figure class='gallery-item'>\n\t\t\t<div class='gallery-icon landscape'>\n\t\t\t\t<a href='https:\/\/radisici.ba\/?attachment_id=688'><img loading=\"lazy\" decoding=\"async\" width=\"1190\" height=\"841\" src=\"https:\/\/radisici.ba\/wp-content\/uploads\/2024\/11\/Nikola-Tavelic-letak.png\" class=\"attachment-full size-full\" alt=\"\" srcset=\"https:\/\/radisici.ba\/wp-content\/uploads\/2024\/11\/Nikola-Tavelic-letak.png 1190w, https:\/\/radisici.ba\/wp-content\/uploads\/2024\/11\/Nikola-Tavelic-letak-300x212.png 300w, https:\/\/radisici.ba\/wp-content\/uploads\/2024\/11\/Nikola-Tavelic-letak-1024x724.png 1024w, https:\/\/radisici.ba\/wp-content\/uploads\/2024\/11\/Nikola-Tavelic-letak-768x543.png 768w\" sizes=\"auto, (max-width: 1190px) 100vw, 1190px\" \/><\/a>\n\t\t\t<\/div><\/figure><figure class='gallery-item'>\n\t\t\t<div class='gallery-icon landscape'>\n\t\t\t\t<a href='https:\/\/radisici.ba\/?attachment_id=689'><img loading=\"lazy\" decoding=\"async\" width=\"1190\" height=\"838\" src=\"https:\/\/radisici.ba\/wp-content\/uploads\/2024\/11\/Nikola-Tavelic-letak2.png\" class=\"attachment-full size-full\" alt=\"\" srcset=\"https:\/\/radisici.ba\/wp-content\/uploads\/2024\/11\/Nikola-Tavelic-letak2.png 1190w, https:\/\/radisici.ba\/wp-content\/uploads\/2024\/11\/Nikola-Tavelic-letak2-300x211.png 300w, https:\/\/radisici.ba\/wp-content\/uploads\/2024\/11\/Nikola-Tavelic-letak2-1024x721.png 1024w, https:\/\/radisici.ba\/wp-content\/uploads\/2024\/11\/Nikola-Tavelic-letak2-768x541.png 768w\" sizes=\"auto, (max-width: 1190px) 100vw, 1190px\" \/><\/a>\n\t\t\t<\/div><\/figure>\n\t\t<\/div>\n\n<p>&nbsp;<\/p>\n<p style=\"text-align: right;\"><strong>Radi\u0161i\u0107i Port@l<\/strong><\/p>\n","protected":false},"excerpt":{"rendered":"<p>U nastavku Vam donosimo program trodnevnice i svetkovine na\u0161eg za\u0161titnika sv. Nikole Taveli\u0107a,\u00a0 zanimljivosti o njegovom \u017eivotu te kronologiju crkve<\/p>\n","protected":false},"author":6,"featured_media":693,"comment_status":"closed","ping_status":"closed","sticky":false,"template":"","format":"standard","meta":{"footnotes":""},"categories":[5],"tags":[],"class_list":["post-686","post","type-post","status-publish","format-standard","has-post-thumbnail","hentry","category-radisici"],"_links":{"self":[{"href":"https:\/\/radisici.ba\/index.php?rest_route=\/wp\/v2\/posts\/686","targetHints":{"allow":["GET"]}}],"collection":[{"href":"https:\/\/radisici.ba\/index.php?rest_route=\/wp\/v2\/posts"}],"about":[{"href":"https:\/\/radisici.ba\/index.php?rest_route=\/wp\/v2\/types\/post"}],"author":[{"embeddable":true,"href":"https:\/\/radisici.ba\/index.php?rest_route=\/wp\/v2\/users\/6"}],"replies":[{"embeddable":true,"href":"https:\/\/radisici.ba\/index.php?rest_route=%2Fwp%2Fv2%2Fcomments&post=686"}],"version-history":[{"count":5,"href":"https:\/\/radisici.ba\/index.php?rest_route=\/wp\/v2\/posts\/686\/revisions"}],"predecessor-version":[{"id":695,"href":"https:\/\/radisici.ba\/index.php?rest_route=\/wp\/v2\/posts\/686\/revisions\/695"}],"wp:featuredmedia":[{"embeddable":true,"href":"https:\/\/radisici.ba\/index.php?rest_route=\/wp\/v2\/media\/693"}],"wp:attachment":[{"href":"https:\/\/radisici.ba\/index.php?rest_route=%2Fwp%2Fv2%2Fmedia&parent=686"}],"wp:term":[{"taxonomy":"category","embeddable":true,"href":"https:\/\/radisici.ba\/index.php?rest_route=%2Fwp%2Fv2%2Fcategories&post=686"},{"taxonomy":"post_tag","embeddable":true,"href":"https:\/\/radisici.ba\/index.php?rest_route=%2Fwp%2Fv2%2Ftags&post=686"}],"curies":[{"name":"wp","href":"https:\/\/api.w.org\/{rel}","templated":true}]}}