{"id":663,"date":"2024-10-13T09:10:12","date_gmt":"2024-10-13T08:10:12","guid":{"rendered":"https:\/\/radisici.ba\/?p=663"},"modified":"2024-10-13T09:10:12","modified_gmt":"2024-10-13T08:10:12","slug":"najava-misno-slavlje-u-cast-bl-alojzija-stepinca-u-proboju","status":"publish","type":"post","link":"https:\/\/radisici.ba\/?p=663","title":{"rendered":"NAJAVA: Misno slavlje u \u010dast bl. Alojzija Stepinca u Proboju"},"content":{"rendered":"<p>Danas 13. listopada 2024. u 15 sati u crkvi bl. Alojzija Stepinca u Gornjem Proboju bit \u0107e uobi\u010dajeno godi\u0161nje misno slavlje u \u010dast bl. Alojzija Stepinca prigodom obljetnice njegova progla\u0161enja bla\u017eenim.<\/p>\n<p>Pozivamo sve \u0161tovatelje bl. Alojzija Stepinca, kao i bl. Djevice Marije kojoj je posve\u0107en mjesec listopad, da nam se pridru\u017ee u molitvi. Papa Ivan Pavao II proglasio je bla\u017eenim ovog hrvatskog velikana vjere i ljubavi 3. listopada 1998. u sveti\u0161tu Marije Bistrice. Kip Gospe Me\u0111ugorske pokraj Stepin\u010deve kapelice u Proboju nas podsje\u0107a na veliku pobo\u017enost koju je Stepinac imao prema Majci Bo\u017ejoj.<\/p>\n<p>Do\u0111imo i zajedno se pomolimo bla\u017eenom Alojziju Stepincu i Majci Mariji da nam uvijek budu u pomo\u0107i!<\/p>\n<p>&nbsp;<\/p>\n<h6 class=\"entry-title post-title\" style=\"text-align: right;\"><span class=\"title-sub\">Ljubu\u0161ki portal<\/span><\/h6>\n","protected":false},"excerpt":{"rendered":"<p>Danas 13. listopada 2024. u 15 sati u crkvi bl. Alojzija Stepinca u Gornjem Proboju bit \u0107e uobi\u010dajeno godi\u0161nje misno<\/p>\n","protected":false},"author":2,"featured_media":664,"comment_status":"closed","ping_status":"closed","sticky":false,"template":"","format":"standard","meta":{"footnotes":""},"categories":[4],"tags":[],"class_list":["post-663","post","type-post","status-publish","format-standard","has-post-thumbnail","hentry","category-vijesti"],"_links":{"self":[{"href":"https:\/\/radisici.ba\/index.php?rest_route=\/wp\/v2\/posts\/663","targetHints":{"allow":["GET"]}}],"collection":[{"href":"https:\/\/radisici.ba\/index.php?rest_route=\/wp\/v2\/posts"}],"about":[{"href":"https:\/\/radisici.ba\/index.php?rest_route=\/wp\/v2\/types\/post"}],"author":[{"embeddable":true,"href":"https:\/\/radisici.ba\/index.php?rest_route=\/wp\/v2\/users\/2"}],"replies":[{"embeddable":true,"href":"https:\/\/radisici.ba\/index.php?rest_route=%2Fwp%2Fv2%2Fcomments&post=663"}],"version-history":[{"count":1,"href":"https:\/\/radisici.ba\/index.php?rest_route=\/wp\/v2\/posts\/663\/revisions"}],"predecessor-version":[{"id":665,"href":"https:\/\/radisici.ba\/index.php?rest_route=\/wp\/v2\/posts\/663\/revisions\/665"}],"wp:featuredmedia":[{"embeddable":true,"href":"https:\/\/radisici.ba\/index.php?rest_route=\/wp\/v2\/media\/664"}],"wp:attachment":[{"href":"https:\/\/radisici.ba\/index.php?rest_route=%2Fwp%2Fv2%2Fmedia&parent=663"}],"wp:term":[{"taxonomy":"category","embeddable":true,"href":"https:\/\/radisici.ba\/index.php?rest_route=%2Fwp%2Fv2%2Fcategories&post=663"},{"taxonomy":"post_tag","embeddable":true,"href":"https:\/\/radisici.ba\/index.php?rest_route=%2Fwp%2Fv2%2Ftags&post=663"}],"curies":[{"name":"wp","href":"https:\/\/api.w.org\/{rel}","templated":true}]}}