{"id":621,"date":"2024-07-21T13:57:18","date_gmt":"2024-07-21T12:57:18","guid":{"rendered":"https:\/\/radisici.ba\/?p=621"},"modified":"2024-07-21T14:02:47","modified_gmt":"2024-07-21T13:02:47","slug":"fra-andrija-majic-najavio-svoj-odlazak","status":"publish","type":"post","link":"https:\/\/radisici.ba\/?p=621","title":{"rendered":"Fra Andrija Maji\u0107 najavio svoj odlazak"},"content":{"rendered":"<p>Za\u0161to smo mi Radi\u0161\u0107ani lo\u0161e sre\u0107e-bila je pomisao gotovo svima koji su u nedjelju bili na svetoj misi u crkvi sv. Nikole Taveli\u0107a u Radi\u0161i\u0107ima nakon \u0161to je fra Andrija Maji\u0107 najavio svoj odlazak.<\/p>\n<p>Najaviv\u0161i svoj iznenadni premje\u0161taj u Mostar, istaknuo je da su mu Radi\u0161i\u0107i i ovaj narod prirasli srcu.<\/p>\n<p>\u201ePutovi Gospodnji su nepredvidivi i mo\u017eda se opet sretnemo\u2026Krenuli smo u renoviranje crkve i dobar dio odradili i ne smijemo stati, samnom ili bez mene radovi idu dalje. Nastavit \u0107e se i spomenik na Krvnici.\u201e-rekao je.<\/p>\n<p>Zahvalio se crkvenom zboru oko kojeg brigu vodi sestra Marcela, svim ministrantima, prakaraturima te svima koji odr\u017eavaju \u010disto\u0107u u crkvi i oko crkve. Zahvalio se \u017eeni koja otvara i zatvara crkvu, na ure\u0111enom dvori\u0161tu, ure\u0111enoj kapelici na Krvnici i svima koji su na bilo koji na\u010din doprinosili i olak\u0161avali njemu samom, a i cijelom puku da bi svima bilo ugodnije i ljep\u0161e na svetoj misi, bez obzira slu\u017eena u crkvi ili na Krvnici.<\/p>\n<p>Njegove rije\u010di opro\u0161taja svi nazo\u010dni su slu\u0161ali stegnuta grla i ispratili ga velikim pljeskom kojeg je sigurno fra Andrija i zaslu\u017eio u Radi\u0161i\u0107ima. Poslije mise uz zagrljaje potpore mje\u0161tani su ga podr\u017eali u njegovom daljnjem radu.<\/p>\n<p><img loading=\"lazy\" decoding=\"async\" class=\"size-medium wp-image-624 alignleft\" src=\"https:\/\/radisici.ba\/wp-content\/uploads\/2024\/07\/fra-Andrija-1-300x225.jpg\" alt=\"\" width=\"300\" height=\"225\" srcset=\"https:\/\/radisici.ba\/wp-content\/uploads\/2024\/07\/fra-Andrija-1-300x225.jpg 300w, https:\/\/radisici.ba\/wp-content\/uploads\/2024\/07\/fra-Andrija-1-1024x768.jpg 1024w, https:\/\/radisici.ba\/wp-content\/uploads\/2024\/07\/fra-Andrija-1-768x576.jpg 768w, https:\/\/radisici.ba\/wp-content\/uploads\/2024\/07\/fra-Andrija-1-1536x1152.jpg 1536w, https:\/\/radisici.ba\/wp-content\/uploads\/2024\/07\/fra-Andrija-1-200x150.jpg 200w, https:\/\/radisici.ba\/wp-content\/uploads\/2024\/07\/fra-Andrija-1.jpg 1600w\" sizes=\"auto, (max-width: 300px) 100vw, 300px\" \/><\/p>\n<p>Iskreno se nadamo da ovaj niz sve\u0107enika koji su vodili Radi\u0161i\u0107ane u posljednje vrijeme (po\u010dev\u0161i od pok. fra Vladimira Kozine, Velje Mandi\u0107a, fra Ljube Kurtovi\u0107a , fra Venancija i sad fra Andrije) biti nastavljen pozitivno, iako su \u010dlanovi zbora ve\u0107 po\u010deli lobirat za fra Antu Vukoju ( s kojim su se pripremali za pjevanje na devetnicama) pa se nadamo da \u0107e na\u0161e \u017eelje doprijeti do na\u0161eg gvardijana).<\/p>\n<p>&nbsp;<\/p>\n<p>&nbsp;<\/p>\n<p>&nbsp;<\/p>\n<p><strong>Fra Andrija je podnio kratki rezime tro\u0161kova i uplata financija za radove na vanjskom dijelu crkve.<\/strong><\/p>\n<p>-otvori na crkvi, sakristiji i dvorani-20.900,00 KM (radio bravar Lukenda, sve alu klupice donirao, vrijednost 1.700,00 KM)<\/p>\n<p>-izmje\u0161tanje klime-2.800,00 KM (spu\u0161tanje svih vanjskih jedinica na zemlju, novi nosa\u010di i servisiranje)<\/p>\n<p>-limarski radovi-6.700,00 KM (nova alu lamperija, nove svodne cijevi i op\u0161ivanje zvonika alu limom)<\/p>\n<p>-skela oko zvonika-1.800,00 KM (monta\u017ea firma iz Posu\u0161ja)<\/p>\n<p>-svi elektro-radovi na vanjskom dijelu crkve su djelo \u201eElektro Gavrana\u201c. Sve je odradio donacijski, nije htio re\u0107i iznos (vjerujte iznos sigurno nije zanemariv).<\/p>\n<p>-materijal za fasadu-12.100,00 KM (boje i lakovi Petko, donirao popust od 1200 KM)<\/p>\n<p>-izrada fasade-16.000,00 KM (molerske usluge \u0160umelj )<\/p>\n<p>Ukupno ispla\u0107eno:60.300,00 KM<\/p>\n<p><img loading=\"lazy\" decoding=\"async\" class=\"size-medium wp-image-535 aligncenter\" src=\"https:\/\/radisici.ba\/wp-content\/uploads\/2024\/03\/viber_slika_2024-03-19_21-31-33-733-246x300.jpg\" alt=\"\" width=\"246\" height=\"300\" srcset=\"https:\/\/radisici.ba\/wp-content\/uploads\/2024\/03\/viber_slika_2024-03-19_21-31-33-733-246x300.jpg 246w, https:\/\/radisici.ba\/wp-content\/uploads\/2024\/03\/viber_slika_2024-03-19_21-31-33-733-839x1024.jpg 839w, https:\/\/radisici.ba\/wp-content\/uploads\/2024\/03\/viber_slika_2024-03-19_21-31-33-733-768x937.jpg 768w, https:\/\/radisici.ba\/wp-content\/uploads\/2024\/03\/viber_slika_2024-03-19_21-31-33-733.jpg 1080w\" sizes=\"auto, (max-width: 246px) 100vw, 246px\" \/><\/p>\n<p>Svi ostali izvo\u0111a\u010di su dali svoj donatorski iznos sve\u0107eniku i upisani su u spisak koji smo ve\u0107 objavili\u00a0 gdje je vidljivo da se od dobro\u010dinitelja prikupilo trenutno ne\u0161to oko 34.000,00 KM. Prikupljanje sredstava jo\u0161 nije zavr\u0161eno, jer kako je naglasio fra Andrija radovi ne\u0107e stati. Po\u010detkom jeseni se nastavlja izmjena crijepa i radovi na unutarnjem dijelu crkve.<\/p>\n<p><strong>Ove radove naravno ne bismo mogli napraviti sami. Uz fra Andrijinu zahvalu s oltara i mi mje\u0161tani se zahvaljujemo na nesebi\u010dnim donacijama na\u0161ih institucija, pa nabrojimo ih redom:<\/strong><\/p>\n<p>-Ministarstvo financija \u017dZH, na \u010delu s ministricom Blagicom Leko- 20.000,00 KM<\/p>\n<p>-Grad Ljubu\u0161ki, na \u010delu s na\u0161im gradona\u010delnikom Vedranom Markoti\u0107em- 14.000,00 KM<\/p>\n<p>-JP\u201cParkovi\u201c \u2013Ljubu\u0161ki, na \u010delu s direktorom Nikicom Vu\u010di\u0107em- 5.000,00 KM<\/p>\n<p>-Skup\u0161tina \u017dZH, na \u010delu s predsjednikom Ivanom Jel\u010di\u0107- 2.000,00 KM<\/p>\n<p>-Mjesna zajednica Radi\u0161i\u0107i &#8211; 3.000,00 KM<\/p>\n<p>Ukupno :44.000,00km<\/p>\n<p>Jo\u0161 jednom svima hvala, a nadamo se i obe\u0107ali su da nas ne\u0107e zaboraviti ni u jesenskoj fazi radova.<\/p>\n<p>Na\u0161em fra Andriji jo\u0161 jednom veliko hvala za sve u\u010dinjeno u Radi\u0161i\u0107ima. Bog Vas blagoslovio i udijelio Vam snagu i ustrajnost na Va\u0161em sve\u0107eni\u010dkom putu. Sretno na novoj du\u017enosti, a mi se iskreno nadamo da nas ne\u0107ete zaboraviti! Ako ni\u0161ta, do\u0107i \u0107ete na proslavu na\u0161eg za\u0161titnika sv. Nikole Taveli\u0107a, po\u010dastit nas svetom misom i \u201ezamezit\u201c s nama.<\/p>\n<p>Na samom kraju, tko god do\u0161ao na fra Andrijino mjesto poru\u010dujemo mu da \u0107e imati punu podr\u0161ku mje\u0161tana. Dobro nam do\u0161ao.<\/p>\n<p>&nbsp;<\/p>\n<p>&nbsp;<\/p>\n<p>&nbsp;<\/p>\n","protected":false},"excerpt":{"rendered":"<p>Za\u0161to smo mi Radi\u0161\u0107ani lo\u0161e sre\u0107e-bila je pomisao gotovo svima koji su u nedjelju bili na svetoj misi u crkvi<\/p>\n","protected":false},"author":6,"featured_media":623,"comment_status":"closed","ping_status":"closed","sticky":false,"template":"","format":"standard","meta":{"footnotes":""},"categories":[5],"tags":[],"class_list":["post-621","post","type-post","status-publish","format-standard","has-post-thumbnail","hentry","category-radisici"],"_links":{"self":[{"href":"https:\/\/radisici.ba\/index.php?rest_route=\/wp\/v2\/posts\/621","targetHints":{"allow":["GET"]}}],"collection":[{"href":"https:\/\/radisici.ba\/index.php?rest_route=\/wp\/v2\/posts"}],"about":[{"href":"https:\/\/radisici.ba\/index.php?rest_route=\/wp\/v2\/types\/post"}],"author":[{"embeddable":true,"href":"https:\/\/radisici.ba\/index.php?rest_route=\/wp\/v2\/users\/6"}],"replies":[{"embeddable":true,"href":"https:\/\/radisici.ba\/index.php?rest_route=%2Fwp%2Fv2%2Fcomments&post=621"}],"version-history":[{"count":6,"href":"https:\/\/radisici.ba\/index.php?rest_route=\/wp\/v2\/posts\/621\/revisions"}],"predecessor-version":[{"id":630,"href":"https:\/\/radisici.ba\/index.php?rest_route=\/wp\/v2\/posts\/621\/revisions\/630"}],"wp:featuredmedia":[{"embeddable":true,"href":"https:\/\/radisici.ba\/index.php?rest_route=\/wp\/v2\/media\/623"}],"wp:attachment":[{"href":"https:\/\/radisici.ba\/index.php?rest_route=%2Fwp%2Fv2%2Fmedia&parent=621"}],"wp:term":[{"taxonomy":"category","embeddable":true,"href":"https:\/\/radisici.ba\/index.php?rest_route=%2Fwp%2Fv2%2Fcategories&post=621"},{"taxonomy":"post_tag","embeddable":true,"href":"https:\/\/radisici.ba\/index.php?rest_route=%2Fwp%2Fv2%2Ftags&post=621"}],"curies":[{"name":"wp","href":"https:\/\/api.w.org\/{rel}","templated":true}]}}