{"id":592,"date":"2024-06-29T16:36:56","date_gmt":"2024-06-29T15:36:56","guid":{"rendered":"https:\/\/radisici.ba\/?p=592"},"modified":"2024-06-29T16:54:28","modified_gmt":"2024-06-29T15:54:28","slug":"u-radisicima-proslavljen-petrovdan-i-blagoslovljen-novoizgradeni-kriz-fotovideo","status":"publish","type":"post","link":"https:\/\/radisici.ba\/?p=592","title":{"rendered":"U Radi\u0161i\u0107ima proslavljen Petrovdan i blagoslovljen  novoizgra\u0111eni kri\u017e {FOTO&#038;VIDEO}"},"content":{"rendered":"<p>\u201eI EVO, JA SAM S VAMA U SVE DANE \u2013 DO SVR\u0160ETKA SVIJETA\u201c\u00a0 (MT 28, 20) ;<\/p>\n<p>Isuse, obe\u0107anje sadr\u017eano u ove dvije tvrdnje daje nam vjeru i pouzdanje u tvoju beskrajnu milost mrtvima, a za\u0161titu i pomo\u0107 \u017eivima koji se Tebi utje\u010du i slijede Tvoj sveti nauk.<\/p>\n<p>Ovaj posve\u0107eni kri\u017e neka bude Tebi na slavu i spomen, a za \u017ertve svih ratova i pora\u0107a sveto mjesto sje\u0107anja i molitve za vje\u010dni mir, pravdu i dostojnu zadovolj\u0161tinu u Kraljevstvu Bo\u017ejem!<\/p>\n<p>Pla\u0107a na\u0161a je na nebesima.<\/p>\n<p>Kri\u017e na brdu iznad Radi\u0161i\u0107a je izgra\u0111en uz pomo\u0107, zavjet i dobru volju ljudi u spomen hrvatskim \u017ertvama svih ratova, strati\u0161ta i sudi\u0161ta od stolje\u0107a sedmog do dana\u0161njih dana.<\/p>\n<p>Na Petrovdan 29. lipnja 2024 godine kri\u017e je blagoslovio fra Andrija Maji\u0107 te odslu\u017eio svetu misu na groblju Krvnica. Misno slavlje je uveli\u010dao zbor Nikole Taveli\u0107a iz Radi\u0161i\u0107a pod ravnanjem \u010d.s. Marcele Primorac uz mno\u0161tvo vjernika.<\/p>\n<p>Za pomo\u0107 pri realizaciji ovog, hvale vrijednog, projekta zahvaljujemo svima koji su na bilo koji na\u010din pomogli, a to su:<\/p>\n<p>Grad Ljubu\u0161ki sa gradona\u010delnikom Vedranom Markoti\u0107em<\/p>\n<p>Franjeva\u010dki samostan i \u017dupa Humac<\/p>\n<p>MZ Radi\u0161i\u0107i<\/p>\n<p>Obitelj Andrije Luburi\u0107a \u2013 Radi\u0161i\u0107i<\/p>\n<p>Hering D.D.- \u0160iroki Brijeg<\/p>\n<p>Graditeljstvo Medi\u0107\u00a0 vl.\u00a0 Markan Medi\u0107 \u2013 Radi\u0161i\u0107i<\/p>\n<p>Grizelj S.G.D.\u00a0 vl. Franjo Grizelj &#8211; Vitina<\/p>\n<p>Elektro Gavran\u00a0 vl.\u00a0 Franjo Gavran \u2013 Vitina<\/p>\n<p>Kuka D.O.O. \u00a0jarboli i zastave &#8211;\u00a0 \u010capljina vl. Adrian Beni Mad\u017ear<\/p>\n<p>Elmex D.O.O. Drago i Danijel Spaji\u0107 \u2013 Radi\u0161i\u0107i<\/p>\n<p>HT Eronet \u2013 Mostar<\/p>\n<p>GKS Iskop &#8211; Radi\u0161i\u0107i vl. Goran Spaji\u0107<\/p>\n<p>Parkovi \u2013 Ljubu\u0161ki<\/p>\n<p>Antonio Radi\u0107<\/p>\n<p>Robert i Damir \u0160unji\u0107<\/p>\n<p>Mirko \u0160imovi\u0107<\/p>\n<p>Mirko Mari\u0107<\/p>\n<p>Denis Luburi\u0107<\/p>\n<p>Filip Medi\u0107 \u2013 prijevoznik<\/p>\n<p>Ante \u0106u\u0107a Primorac<\/p>\n<p>Milenko Dropulji\u0107<\/p>\n<p>Ljubu\u0161ki Portal<\/p>\n<p>Radi\u0161i\u0107i Portal<\/p>\n<p>Ante \u0160imovi\u0107<\/p>\n<p>Hvala Bo\u017ejoj providnosti na svim otvorenim vratima na koja smo pokucali i na velikoj podr\u0161ci javnosti.<\/p>\n<p>&nbsp;<\/p>\n<p>MZ Radi\u0161i\u0107i<\/p>\n<p>&nbsp;<\/p>\n<p>&nbsp;<\/p>\n<p style=\"text-align: center;\"><iframe loading=\"lazy\" style=\"border: none; overflow: hidden;\" src=\"https:\/\/www.facebook.com\/plugins\/post.php?href=https%3A%2F%2Fwww.facebook.com%2Fportalradisica%2Fposts%2Fpfbid0jYmRgWpHgQ63kKMxsaET1WvWNPnMVoySdBDihDViS58kXFfFvNJFvNom9Z5Vqeddl&amp;show_text=true&amp;width=500\" width=\"500\" height=\"681\" frameborder=\"0\" scrolling=\"no\" allowfullscreen=\"allowfullscreen\"><\/iframe><\/p>\n<p>&nbsp;<\/p>\n<p><iframe loading=\"lazy\" title=\"Blagosov Kri\u017ea , Petrovdan 2024\" width=\"640\" height=\"360\" src=\"https:\/\/www.youtube.com\/embed\/vwzXNou6GJo?feature=oembed\" frameborder=\"0\" allow=\"accelerometer; autoplay; clipboard-write; encrypted-media; gyroscope; picture-in-picture; web-share\" referrerpolicy=\"strict-origin-when-cross-origin\" allowfullscreen><\/iframe><\/p>\n","protected":false},"excerpt":{"rendered":"<p>\u201eI EVO, JA SAM S VAMA U SVE DANE \u2013 DO SVR\u0160ETKA SVIJETA\u201c\u00a0 (MT 28, 20) ; Isuse, obe\u0107anje sadr\u017eano<\/p>\n","protected":false},"author":2,"featured_media":593,"comment_status":"closed","ping_status":"closed","sticky":false,"template":"","format":"standard","meta":{"footnotes":""},"categories":[4],"tags":[],"class_list":["post-592","post","type-post","status-publish","format-standard","has-post-thumbnail","hentry","category-vijesti"],"_links":{"self":[{"href":"https:\/\/radisici.ba\/index.php?rest_route=\/wp\/v2\/posts\/592","targetHints":{"allow":["GET"]}}],"collection":[{"href":"https:\/\/radisici.ba\/index.php?rest_route=\/wp\/v2\/posts"}],"about":[{"href":"https:\/\/radisici.ba\/index.php?rest_route=\/wp\/v2\/types\/post"}],"author":[{"embeddable":true,"href":"https:\/\/radisici.ba\/index.php?rest_route=\/wp\/v2\/users\/2"}],"replies":[{"embeddable":true,"href":"https:\/\/radisici.ba\/index.php?rest_route=%2Fwp%2Fv2%2Fcomments&post=592"}],"version-history":[{"count":3,"href":"https:\/\/radisici.ba\/index.php?rest_route=\/wp\/v2\/posts\/592\/revisions"}],"predecessor-version":[{"id":596,"href":"https:\/\/radisici.ba\/index.php?rest_route=\/wp\/v2\/posts\/592\/revisions\/596"}],"wp:featuredmedia":[{"embeddable":true,"href":"https:\/\/radisici.ba\/index.php?rest_route=\/wp\/v2\/media\/593"}],"wp:attachment":[{"href":"https:\/\/radisici.ba\/index.php?rest_route=%2Fwp%2Fv2%2Fmedia&parent=592"}],"wp:term":[{"taxonomy":"category","embeddable":true,"href":"https:\/\/radisici.ba\/index.php?rest_route=%2Fwp%2Fv2%2Fcategories&post=592"},{"taxonomy":"post_tag","embeddable":true,"href":"https:\/\/radisici.ba\/index.php?rest_route=%2Fwp%2Fv2%2Ftags&post=592"}],"curies":[{"name":"wp","href":"https:\/\/api.w.org\/{rel}","templated":true}]}}