{"id":585,"date":"2024-06-27T16:18:03","date_gmt":"2024-06-27T15:18:03","guid":{"rendered":"https:\/\/radisici.ba\/?p=585"},"modified":"2024-06-27T16:19:33","modified_gmt":"2024-06-27T15:19:33","slug":"blagoslov-kriza-u-radisicima","status":"publish","type":"post","link":"https:\/\/radisici.ba\/?p=585","title":{"rendered":"Blagoslov kri\u017ea u Radi\u0161i\u0107ima"},"content":{"rendered":"<p>U subotu na Petrovdan 29. 06. 2024 godine u 10.45 sati na brdu iznad Radi\u0161i\u0107a planiran je blagoslov novoizgra\u0111enog kri\u017ea.<\/p>\n<p>Poslije blagoslova kri\u017ea na groblju Krvnica \u00a0\u0107e biti odr\u017eana sveta misa u 11.00 sati.<\/p>\n<p>Kri\u017e je sagra\u0111en zahvaljuju\u0107i dobrim ljudima u spomen hrvatskim \u017ertvama svih ratova, strati\u0161ta i sudi\u0161ta od stolje\u0107a sedmog do dana\u0161njih dana.<\/p>\n<p><em>Navik on \u017eivi ki zgine po\u0161teno.<\/em><\/p>\n<p>&nbsp;<\/p>\n<p>Svi ste dobrodo\u0161li.<\/p>\n<p>&nbsp;<\/p>\n<p>&nbsp;<\/p>\n<p style=\"text-align: right;\">\u00a0\u00a0\u00a0\u00a0\u00a0\u00a0\u00a0\u00a0\u00a0\u00a0\u00a0\u00a0\u00a0\u00a0\u00a0\u00a0\u00a0\u00a0\u00a0\u00a0\u00a0\u00a0\u00a0\u00a0\u00a0\u00a0\u00a0\u00a0\u00a0\u00a0\u00a0\u00a0\u00a0\u00a0\u00a0\u00a0\u00a0\u00a0\u00a0\u00a0\u00a0\u00a0\u00a0\u00a0\u00a0\u00a0\u00a0\u00a0\u00a0\u00a0\u00a0\u00a0\u00a0\u00a0\u00a0\u00a0\u00a0\u00a0\u00a0\u00a0\u00a0\u00a0\u00a0\u00a0\u00a0\u00a0\u00a0\u00a0\u00a0\u00a0\u00a0\u00a0\u00a0\u00a0\u00a0\u00a0\u00a0\u00a0\u00a0\u00a0\u00a0\u00a0\u00a0\u00a0\u00a0\u00a0\u00a0\u00a0\u00a0\u00a0\u00a0\u00a0\u00a0\u00a0\u00a0\u00a0\u00a0\u00a0\u00a0\u00a0\u00a0\u00a0\u00a0\u00a0\u00a0\u00a0\u00a0\u00a0\u00a0\u00a0\u00a0\u00a0\u00a0\u00a0\u00a0\u00a0\u00a0 \u00a0\u00a0\u00a0\u00a0\u00a0\u00a0\u00a0\u00a0\u00a0\u00a0 MZ Radi\u0161i\u0107i\/Radi\u0161i\u0107i.ba<\/p>\n<p>&nbsp;<\/p>\n<p>&nbsp;<\/p>\n","protected":false},"excerpt":{"rendered":"<p>U subotu na Petrovdan 29. 06. 2024 godine u 10.45 sati na brdu iznad Radi\u0161i\u0107a planiran je blagoslov novoizgra\u0111enog kri\u017ea.<\/p>\n","protected":false},"author":6,"featured_media":586,"comment_status":"closed","ping_status":"closed","sticky":false,"template":"","format":"standard","meta":{"footnotes":""},"categories":[4],"tags":[],"class_list":["post-585","post","type-post","status-publish","format-standard","has-post-thumbnail","hentry","category-vijesti"],"_links":{"self":[{"href":"https:\/\/radisici.ba\/index.php?rest_route=\/wp\/v2\/posts\/585","targetHints":{"allow":["GET"]}}],"collection":[{"href":"https:\/\/radisici.ba\/index.php?rest_route=\/wp\/v2\/posts"}],"about":[{"href":"https:\/\/radisici.ba\/index.php?rest_route=\/wp\/v2\/types\/post"}],"author":[{"embeddable":true,"href":"https:\/\/radisici.ba\/index.php?rest_route=\/wp\/v2\/users\/6"}],"replies":[{"embeddable":true,"href":"https:\/\/radisici.ba\/index.php?rest_route=%2Fwp%2Fv2%2Fcomments&post=585"}],"version-history":[{"count":3,"href":"https:\/\/radisici.ba\/index.php?rest_route=\/wp\/v2\/posts\/585\/revisions"}],"predecessor-version":[{"id":589,"href":"https:\/\/radisici.ba\/index.php?rest_route=\/wp\/v2\/posts\/585\/revisions\/589"}],"wp:featuredmedia":[{"embeddable":true,"href":"https:\/\/radisici.ba\/index.php?rest_route=\/wp\/v2\/media\/586"}],"wp:attachment":[{"href":"https:\/\/radisici.ba\/index.php?rest_route=%2Fwp%2Fv2%2Fmedia&parent=585"}],"wp:term":[{"taxonomy":"category","embeddable":true,"href":"https:\/\/radisici.ba\/index.php?rest_route=%2Fwp%2Fv2%2Fcategories&post=585"},{"taxonomy":"post_tag","embeddable":true,"href":"https:\/\/radisici.ba\/index.php?rest_route=%2Fwp%2Fv2%2Ftags&post=585"}],"curies":[{"name":"wp","href":"https:\/\/api.w.org\/{rel}","templated":true}]}}