{"id":565,"date":"2024-05-18T09:52:27","date_gmt":"2024-05-18T08:52:27","guid":{"rendered":"https:\/\/radisici.ba\/?p=565"},"modified":"2024-05-18T10:29:03","modified_gmt":"2024-05-18T09:29:03","slug":"sjecanje-drago-medic-dragic","status":"publish","type":"post","link":"https:\/\/radisici.ba\/?p=565","title":{"rendered":"Sje\u0107anje: DRAGO MEDI\u0106- Dragi\u0107"},"content":{"rendered":"<p style=\"text-align: center;\"><strong> 18.5.2014.-18.5.2024.<\/strong><\/p>\n<p style=\"text-align: center;\"><img loading=\"lazy\" decoding=\"async\" class=\"alignnone size-medium wp-image-574\" src=\"https:\/\/radisici.ba\/wp-content\/uploads\/2024\/05\/Drago-M-212x300.jpg\" alt=\"\" width=\"212\" height=\"300\" srcset=\"https:\/\/radisici.ba\/wp-content\/uploads\/2024\/05\/Drago-M-212x300.jpg 212w, https:\/\/radisici.ba\/wp-content\/uploads\/2024\/05\/Drago-M-722x1024.jpg 722w, https:\/\/radisici.ba\/wp-content\/uploads\/2024\/05\/Drago-M-768x1089.jpg 768w, https:\/\/radisici.ba\/wp-content\/uploads\/2024\/05\/Drago-M.jpg 868w\" sizes=\"auto, (max-width: 212px) 100vw, 212px\" \/><\/p>\n<p>&nbsp;<\/p>\n<p style=\"text-align: center;\"><em>U srcima \u010duvamo dragu uspomenu na tvoj lik, <\/em><\/p>\n<p style=\"text-align: center;\"><em>s beskrajnom ljubavlju te se sje\u0107amo, <\/em><\/p>\n<p style=\"text-align: center;\"><em>s neizmjernim ponosom pri\u010damo o tebi.<\/em><\/p>\n<p>&nbsp;<\/p>\n<p style=\"text-align: center;\"><strong>Tvoji voljeni.<\/strong><\/p>\n","protected":false},"excerpt":{"rendered":"<p>18.5.2014.-18.5.2024. &nbsp; U srcima \u010duvamo dragu uspomenu na tvoj lik, s beskrajnom ljubavlju te se sje\u0107amo, s neizmjernim ponosom pri\u010damo<\/p>\n","protected":false},"author":6,"featured_media":182,"comment_status":"closed","ping_status":"closed","sticky":false,"template":"","format":"standard","meta":{"footnotes":""},"categories":[8],"tags":[],"class_list":["post-565","post","type-post","status-publish","format-standard","has-post-thumbnail","hentry","category-osmrtnice"],"_links":{"self":[{"href":"https:\/\/radisici.ba\/index.php?rest_route=\/wp\/v2\/posts\/565","targetHints":{"allow":["GET"]}}],"collection":[{"href":"https:\/\/radisici.ba\/index.php?rest_route=\/wp\/v2\/posts"}],"about":[{"href":"https:\/\/radisici.ba\/index.php?rest_route=\/wp\/v2\/types\/post"}],"author":[{"embeddable":true,"href":"https:\/\/radisici.ba\/index.php?rest_route=\/wp\/v2\/users\/6"}],"replies":[{"embeddable":true,"href":"https:\/\/radisici.ba\/index.php?rest_route=%2Fwp%2Fv2%2Fcomments&post=565"}],"version-history":[{"count":8,"href":"https:\/\/radisici.ba\/index.php?rest_route=\/wp\/v2\/posts\/565\/revisions"}],"predecessor-version":[{"id":575,"href":"https:\/\/radisici.ba\/index.php?rest_route=\/wp\/v2\/posts\/565\/revisions\/575"}],"wp:featuredmedia":[{"embeddable":true,"href":"https:\/\/radisici.ba\/index.php?rest_route=\/wp\/v2\/media\/182"}],"wp:attachment":[{"href":"https:\/\/radisici.ba\/index.php?rest_route=%2Fwp%2Fv2%2Fmedia&parent=565"}],"wp:term":[{"taxonomy":"category","embeddable":true,"href":"https:\/\/radisici.ba\/index.php?rest_route=%2Fwp%2Fv2%2Fcategories&post=565"},{"taxonomy":"post_tag","embeddable":true,"href":"https:\/\/radisici.ba\/index.php?rest_route=%2Fwp%2Fv2%2Ftags&post=565"}],"curies":[{"name":"wp","href":"https:\/\/api.w.org\/{rel}","templated":true}]}}