{"id":549,"date":"2024-04-29T16:35:22","date_gmt":"2024-04-29T15:35:22","guid":{"rendered":"https:\/\/radisici.ba\/?p=549"},"modified":"2024-04-29T16:43:37","modified_gmt":"2024-04-29T15:43:37","slug":"najava-svibanjska-poboznost-u-crkvi-sv-nikole-tavelica-u-gornjim-radisicima","status":"publish","type":"post","link":"https:\/\/radisici.ba\/?p=549","title":{"rendered":"NAJAVA: Svibanjska pobo\u017enost u crkvi sv. Nikole Taveli\u0107a U Gornjim Radi\u0161i\u0107ima"},"content":{"rendered":"<p>Svibanj je mjesec posve\u0107en na\u0161oj nebeskoj Majci.<\/p>\n<p>Svibanjske pobo\u017enosti, odnosno\u00a0izra\u017eenije \u010da\u0161\u0107enje Bla\u017eene Djevice Marije tijekom ovog mjeseca, stara je tradicija Crkve koja svoje korijene vu\u010de jo\u0161 iz srednjega vijeka.<\/p>\n<p>Svibanjska pobo\u017enost\u00a0zapo\u010dinje u srijedu 1. svibnja u 19 sati i molit \u0107e se u tom terminu svaku ve\u010der u na\u0161oj crkvi. Nedjeljom \u0107e se pobo\u017enost moliti u 10:30 (prije sv. mise).<\/p>\n<p>&nbsp;<\/p>\n<p><em>Neka ona koja je blagoslovljena zato \u0161to je povjerovala, dotakne \u010de\u017enju na\u0161ega srca, neka nam se smiluje njezin pogled i neka rije\u010di njezina blagoslova prate na\u0161e \u017eivotne hodove.\u00a0 Majko Marijo, budi uz nas, zagrli nas svojom maj\u010dinskom nje\u017eno\u0161\u0107u, dopusti da ti budemo blizu, ohrabri nas kako bismo i mi mogli otvoriti se Bogu u povjerenju srca te, nadilaze\u0107i vlastita ograni\u010denja, zasjati poput tebe kao svjetlo na svim na\u0161im \u017eivotnim putevima.<\/em><\/p>\n<p>&nbsp;<\/p>\n<p>Radi\u0161i\u0107i Portal \/ hkm<\/p>\n","protected":false},"excerpt":{"rendered":"<p>Svibanj je mjesec posve\u0107en na\u0161oj nebeskoj Majci. Svibanjske pobo\u017enosti, odnosno\u00a0izra\u017eenije \u010da\u0161\u0107enje Bla\u017eene Djevice Marije tijekom ovog mjeseca, stara je tradicija<\/p>\n","protected":false},"author":6,"featured_media":472,"comment_status":"closed","ping_status":"closed","sticky":false,"template":"","format":"standard","meta":{"footnotes":""},"categories":[4],"tags":[],"class_list":["post-549","post","type-post","status-publish","format-standard","has-post-thumbnail","hentry","category-vijesti"],"_links":{"self":[{"href":"https:\/\/radisici.ba\/index.php?rest_route=\/wp\/v2\/posts\/549","targetHints":{"allow":["GET"]}}],"collection":[{"href":"https:\/\/radisici.ba\/index.php?rest_route=\/wp\/v2\/posts"}],"about":[{"href":"https:\/\/radisici.ba\/index.php?rest_route=\/wp\/v2\/types\/post"}],"author":[{"embeddable":true,"href":"https:\/\/radisici.ba\/index.php?rest_route=\/wp\/v2\/users\/6"}],"replies":[{"embeddable":true,"href":"https:\/\/radisici.ba\/index.php?rest_route=%2Fwp%2Fv2%2Fcomments&post=549"}],"version-history":[{"count":4,"href":"https:\/\/radisici.ba\/index.php?rest_route=\/wp\/v2\/posts\/549\/revisions"}],"predecessor-version":[{"id":553,"href":"https:\/\/radisici.ba\/index.php?rest_route=\/wp\/v2\/posts\/549\/revisions\/553"}],"wp:featuredmedia":[{"embeddable":true,"href":"https:\/\/radisici.ba\/index.php?rest_route=\/wp\/v2\/media\/472"}],"wp:attachment":[{"href":"https:\/\/radisici.ba\/index.php?rest_route=%2Fwp%2Fv2%2Fmedia&parent=549"}],"wp:term":[{"taxonomy":"category","embeddable":true,"href":"https:\/\/radisici.ba\/index.php?rest_route=%2Fwp%2Fv2%2Fcategories&post=549"},{"taxonomy":"post_tag","embeddable":true,"href":"https:\/\/radisici.ba\/index.php?rest_route=%2Fwp%2Fv2%2Ftags&post=549"}],"curies":[{"name":"wp","href":"https:\/\/api.w.org\/{rel}","templated":true}]}}