{"id":541,"date":"2024-04-05T06:10:13","date_gmt":"2024-04-05T05:10:13","guid":{"rendered":"https:\/\/radisici.ba\/?p=541"},"modified":"2024-04-05T06:10:41","modified_gmt":"2024-04-05T05:10:41","slug":"iz-tiska-izisla-knjiga-dr-sc-ljiljane-herceg-o-pjesnistvu-veselka-koromana","status":"publish","type":"post","link":"https:\/\/radisici.ba\/?p=541","title":{"rendered":"Iz tiska izi\u0161la knjiga dr. sc. Ljiljane Herceg O pjesni\u0161tvu Veselka Koromana"},"content":{"rendered":"<div class=\"v1gmail-xdj266r v1gmail-x11i5rnm v1gmail-xat24cr v1gmail-x1mh8g0r v1gmail-x1vvkbs v1gmail-x126k92a\">U izdanju\u00a0 <a class=\"v1gmail-x1i10hfl v1gmail-xjbqb8w v1gmail-x1ejq31n v1gmail-xd10rxx v1gmail-x1sy0etr v1gmail-x17r0tee v1gmail-x972fbf v1gmail-xcfux6l v1gmail-x1qhh985 v1gmail-xm0m39n v1gmail-x9f619 v1gmail-x1ypdohk v1gmail-xt0psk2 v1gmail-xe8uvvx v1gmail-xdj266r v1gmail-x11i5rnm v1gmail-xat24cr v1gmail-x1mh8g0r v1gmail-xexx8yu v1gmail-x4uap5 v1gmail-x18d9i69 v1gmail-xkhd6sd v1gmail-x16tdsg8 v1gmail-x1hl2dhg v1gmail-xggy1nq v1gmail-x1a2a7pz v1gmail-xt0b8zv v1gmail-x1fey0fg v1gmail-xo1l8bm\" href=\"https:\/\/www.facebook.com\/udruga.bilig.5?__cft__[0]=AZVwhHo5P-F4wN-5hK-n0gy9GIbEPIJZK-zcWbcA5LbmA64tMkBzh_wbetPx74TAjxKItUlluI_zNnwFwwRqhS8Y-fK0QdTkQaYAmv70wLDxqQ&amp;__tn__=-]K-R\" target=\"_blank\" rel=\"noopener noreferrer\"><span class=\"v1gmail-xt0psk2\">Udruga Hkb Bilig<\/span><\/a> i Matice hrvatske Ogranak \u010citluk iz tiska je izi\u0161la knjiga dr. sc. Ljiljane Herceg O pjesni\u0161tvu Veselka Koromana. Ovom knjigom odajemo po\u010dast velikom \u017eivu\u0107em pjesniku rodom iz Radi\u0161i\u0107a koji ove godine slavi svoj 90. ro\u0111endan. Molimo da objavite ovu vijest i po\u0161aljite nam povratnu informaciju. U privitku \u0161aljemo sliku naslovnice. Unaprijed hvala!<\/p>\n<div dir=\"auto\"><\/div>\n<\/div>\n<div class=\"v1gmail-x11i5rnm v1gmail-xat24cr v1gmail-x1mh8g0r v1gmail-x1vvkbs v1gmail-xtlvy1s v1gmail-x126k92a\">\n<div dir=\"auto\">Veselko Koroman ro\u0111en je u Radi\u0161i\u0107ima kod Ljubu\u0161koga 7. travnja 1934. godine. Osnovnu \u0161kolu zavr\u0161io je u obli\u017enjem Ljubu\u0161kom, a srednju u Mostaru. Studirao je knji\u017eevnosti filozofiju u Sarajevu na Filozofskom fakultetu.<\/div>\n<div dir=\"auto\">Ure\u0111ivao je \u010dasopis \u017divot od 1969. do 1972., a od 1995. do 1998. mostarskog tromjese\u010dnika za kulturu, knji\u017eevnosti dru\u0161tvovne teme Osvit, zrcalnoga medija Dru\u0161tva hrvatskih knji\u017eevnika Herceg-Bosne. Istom je listu bio na \u010delu uredni\u010dkog vije\u0107a do 17. sije\u010dnja 2007.<\/div>\n<div dir=\"auto\">Potpisnikom je Sarajevske deklaracije o hrvatskom jeziku od 28. sije\u010dnja 1971. godine.<\/div>\n<div dir=\"auto\">Dopisni je \u010dlan HAZU. \u010clanom je Dru\u0161tva hrvatskih knji\u017eevnika, Dru\u0161tvo hrvatskih knji\u017eevnika Herceg-Bosne, Udru\u017eenja knji\u017eevnika BiH, hrvatskog i bosanskohercegova\u010dkog PEN-centra.<\/div>\n<div dir=\"auto\">Na jubilarnoj 25. svehrvatskoj jezi\u010dno-pjesni\u010dkoj smotri Croatia rediviva \u010da-kaj-\u0161to u Selcima na otoku Bra\u010du okrunjen je maslinovim vijencem 7. VIII. 2015. i tako je postao poeta oliveatus, s plo\u010dom od bra\u010dkoga mramora, na kojoj su urezani njegovi stihovi, podignutoj na Zidu od poezije sredi\u0161njega mjesnoga trga.Ovjen\u010dao ga je utemeljitelj dr. Drago \u0160tambuk, a u jednoglasnoj odluci s njime sudjelovali su akademici i raniji ovjen\u010danici Luko Paljetak i Tonko Maroevi\u0107.<\/div>\n<div dir=\"auto\">Sudjelovanja na zna\u010dajnim pjesni\u010dkim manifestacijama:<\/div>\n<div dir=\"auto\">Croatia rediviva \u010da-kaj-\u0161to 2007. i 2015. (poeta oliveatus)<\/div>\n<div dir=\"auto\">Djela (izbor)<\/div>\n<div dir=\"auto\">Crne naran\u010de, zbirka pjesama, 1965.<\/div>\n<div dir=\"auto\">Pogled iz zrcala, kritike i eseji, 1974.<\/div>\n<div dir=\"auto\">Mihovil, roman, 1983.<\/div>\n<div dir=\"auto\">Dok vlada prah, zbirka pjesama, 1986.<\/div>\n<div dir=\"auto\">Potraga za cjelinom, eseji, kritike i putopisi, 1996.<\/div>\n<div dir=\"auto\">Razgovor o knji\u017eevnosti i ostalom, 1998.<\/div>\n<div dir=\"auto\">Njegove pjesme su u\u0161le u desetke antologija, a do\u017eivjele su i prijevode na svjetske jezike. Njegova djela je u njenoj antologiji \u017bywe \u017ar\u00f3d\u0142a iz 1996. s hrvatskog na poljski prevela poljska knji\u017eevnica i prevoditeljica \u0141ucja Danielewska.<\/div>\n<div dir=\"auto\">Sastavio je antologije Hrvatska proza u BiH od Matije Divkovi\u0107a do danas (1995.) i Hrvatsko pjesni\u0161tvo Bosne i Hercegovine od Lovre \u0160itovi\u0107a do danas (1996.).<\/div>\n<div dir=\"auto\">Nagrade i priznanja<\/div>\n<div dir=\"auto\">nagrada Udru\u017eenja knji\u017eevnika BiH za poeziju<\/div>\n<div dir=\"auto\">1997.: Goranov vijenac<\/div>\n<div dir=\"auto\">2005.: 1. nagrada za poeziju, za ciklus pjesama Jesam li na pravom mjestu<\/div>\n<div dir=\"auto\">2015.: Maslinov vijenac (poeta oliveatus), jubilarna 25. jezi\u010dno-pjesni\u010dka smotra Croatia rediviva \u010da-kaj-\u0161to, Selca na otoku Bra\u010du, 7. VIII. 2015.<\/div>\n<div dir=\"auto\">2017.: Plaketa \u201eDobro jutro, more&#8221;, s pjesni\u010dkih susreta u Podstrani. (<a class=\"v1gmail-x1i10hfl v1gmail-xjbqb8w v1gmail-x1ejq31n v1gmail-xd10rxx v1gmail-x1sy0etr v1gmail-x17r0tee v1gmail-x972fbf v1gmail-xcfux6l v1gmail-x1qhh985 v1gmail-xm0m39n v1gmail-x9f619 v1gmail-x1ypdohk v1gmail-xt0psk2 v1gmail-xe8uvvx v1gmail-xdj266r v1gmail-x11i5rnm v1gmail-xat24cr v1gmail-x1mh8g0r v1gmail-xexx8yu v1gmail-x4uap5 v1gmail-x18d9i69 v1gmail-xkhd6sd v1gmail-x16tdsg8 v1gmail-x1hl2dhg v1gmail-xggy1nq v1gmail-x1a2a7pz v1gmail-xt0b8zv v1gmail-x1fey0fg\" href=\"https:\/\/l.facebook.com\/l.php?u=https%3A%2F%2Fhr.wikipedia.org%2Fwiki%2FVeselko_Koroman%3Ffbclid%3DIwAR2_FVx3upRPSA1NJpoqvaZFlkgOGxcrMjiuTCLMpxEXQPiNuU0f79zAgno_aem_ASvdKCNzSD4ZA0tLdgO0bO6x9N4HxKDVTOxt0DpJ2McSIaOc-nChaJjXxvwsqPCaAWVq6FSyNKqBnBzdMuRgDJX1&amp;h=AT1v3VtmyPzudnC3pEKNDiECkWCkZxtwGb55QX6v2hx7Waw0zHkpiqV2mpR7OGXx56odnhjMm9cKwAGh-ZOwzKOE3cMP3JohD4hQWjJejxm4CZ7nsRf6ZB4YUSL0u5tb-GWP&amp;__tn__=-UK-R&amp;c[0]=AT1rN93i7ep9RDiGsR1hI5upOFzhSQtO78WUm80YbpKSkFEng-cXYTrm24cyVXzFcFtNHSoHlyL3lI-tlb0Hq9CnwM5POmfI9vOSh6F4t6OOMcMSoHAD5jR2_8o_NEJ2tBbz\" target=\"_blank\" rel=\"noopener noreferrer\">https:\/\/hr.wikipedia.org\/wiki\/Veselko_Koroman<\/a>)<\/div>\n<\/div>\n<div><\/div>\n<p><span class=\"v1gmail_signature_prefix\">&#8212; <\/span><\/p>\n<div class=\"v1gmail_signature\" dir=\"ltr\">\n<div dir=\"ltr\">\n<div>\n<div dir=\"ltr\">\n<div>\n<div dir=\"ltr\">\n<div dir=\"ltr\">\n<div dir=\"ltr\">\n<div>Tajni\u0161tvo HKB-BILIG<\/div>\n<div><\/div>\n<\/div>\n<\/div>\n<\/div>\n<\/div>\n<\/div>\n<\/div>\n<\/div>\n<\/div>\n","protected":false},"excerpt":{"rendered":"<p>U izdanju\u00a0 Udruga Hkb Bilig i Matice hrvatske Ogranak \u010citluk iz tiska je izi\u0161la knjiga dr. sc. Ljiljane Herceg O<\/p>\n","protected":false},"author":2,"featured_media":542,"comment_status":"closed","ping_status":"closed","sticky":false,"template":"","format":"standard","meta":{"footnotes":""},"categories":[5],"tags":[],"class_list":["post-541","post","type-post","status-publish","format-standard","has-post-thumbnail","hentry","category-radisici"],"_links":{"self":[{"href":"https:\/\/radisici.ba\/index.php?rest_route=\/wp\/v2\/posts\/541","targetHints":{"allow":["GET"]}}],"collection":[{"href":"https:\/\/radisici.ba\/index.php?rest_route=\/wp\/v2\/posts"}],"about":[{"href":"https:\/\/radisici.ba\/index.php?rest_route=\/wp\/v2\/types\/post"}],"author":[{"embeddable":true,"href":"https:\/\/radisici.ba\/index.php?rest_route=\/wp\/v2\/users\/2"}],"replies":[{"embeddable":true,"href":"https:\/\/radisici.ba\/index.php?rest_route=%2Fwp%2Fv2%2Fcomments&post=541"}],"version-history":[{"count":2,"href":"https:\/\/radisici.ba\/index.php?rest_route=\/wp\/v2\/posts\/541\/revisions"}],"predecessor-version":[{"id":544,"href":"https:\/\/radisici.ba\/index.php?rest_route=\/wp\/v2\/posts\/541\/revisions\/544"}],"wp:featuredmedia":[{"embeddable":true,"href":"https:\/\/radisici.ba\/index.php?rest_route=\/wp\/v2\/media\/542"}],"wp:attachment":[{"href":"https:\/\/radisici.ba\/index.php?rest_route=%2Fwp%2Fv2%2Fmedia&parent=541"}],"wp:term":[{"taxonomy":"category","embeddable":true,"href":"https:\/\/radisici.ba\/index.php?rest_route=%2Fwp%2Fv2%2Fcategories&post=541"},{"taxonomy":"post_tag","embeddable":true,"href":"https:\/\/radisici.ba\/index.php?rest_route=%2Fwp%2Fv2%2Ftags&post=541"}],"curies":[{"name":"wp","href":"https:\/\/api.w.org\/{rel}","templated":true}]}}