{"id":538,"date":"2024-04-05T05:59:08","date_gmt":"2024-04-05T04:59:08","guid":{"rendered":"https:\/\/radisici.ba\/?p=538"},"modified":"2024-04-24T08:19:13","modified_gmt":"2024-04-24T07:19:13","slug":"nastavak-popisa-darivatelja-za-renoviranje-crkve-sv-nikole-tavelica-u-radisicima-citanih-na-uskrs","status":"publish","type":"post","link":"https:\/\/radisici.ba\/?p=538","title":{"rendered":"Nastavak popisa darivatelja za renoviranje crkve sv.Nikole Taveli\u0107a u Radi\u0161i\u0107ima \u010ditanih na Uskrs"},"content":{"rendered":"<ol start=\"59\">\n<li>Velimir Dropulji\u0107 \u2013 100 KM<\/li>\n<li>Marijan Mijo\u010d \u2013 200 KM<\/li>\n<li>Ante Medi\u0107 (Gale) \u2013 100 \u20acura<\/li>\n<li>Slobodan (Bodo ) Bunoza -100 \u20acura<\/li>\n<li>Gojan Nosi\u0107 \u2013 100 KM<\/li>\n<li>Stana \u0160arac -50 KM<\/li>\n<li>65.Damir Tomi\u0107 \u2013 200 KM<\/li>\n<li>Ivica Ere\u0161 \u2013 100 \u20acura<\/li>\n<li>Berislav Bunoza -100 KM<\/li>\n<li>Markan Medi\u0107 + Jure -200 KM<\/li>\n<li>Nada Bunoza + Stanka -100 KM<\/li>\n<li>Miro Dugand\u017ei\u0107 + Rude \u2013 100 KM<\/li>\n<li>Milenko Boras + Nikole \u2013 100 KM<\/li>\n<li>Bo\u017eidar Koroman -400 KM<\/li>\n<li>Sre\u0107ko Primorac + Drage -200 KM<\/li>\n<li>Marijo Dropulji\u0107 + Mirka -100 \u20acura<\/li>\n<li>Jozo Medi\u0107 + Ante \u2013 50 \u20acura<\/li>\n<li>Stojka Primorac ud. Ivana -100 KM<\/li>\n<li>Stanko Medi\u0107\u00a0 + Jure -300 KM<\/li>\n<li>Tihomir Mari\u0107-Milanov-200 KM<\/li>\n<li>Matijas Bunoza \u2013 100 \u20acura<\/li>\n<\/ol>\n<ol start=\"78\">\n<li>Ivan Tomi\u0107 \u2013 Tomin-150 KM<\/li>\n<li>Dane Bunoza \u2013 100 \u20acura<\/li>\n<li>Vilka Solin ud.Pere-100 KM<\/li>\n<li>Milko Dugand\u017ei\u0107 \u2013 100KM<\/li>\n<li>Miljenko Ere\u0161 +Kre\u0161e -100 KM<\/li>\n<li>Denis Luburi\u0107 -100 \u20acura<\/li>\n<li>Pero Dugand\u017ei\u0107 + Branka -150 KM<\/li>\n<li>Ivica Tomi\u0107 ud. Joze -100 KM<\/li>\n<li>Miro Ba\u0161i\u0107 -200 KM<\/li>\n<li>Dra\u017eenko i Marija Mijo\u010d -100 KM<\/li>\n<li>Blago Ere\u0161 + Tadije -200 KM<\/li>\n<li>Iva Ere\u0161 ud. Ante -100 KM<\/li>\n<li>Marijan Ere\u0161 + Stojana -100 \u20acura<\/li>\n<li>Ivan Ere\u0161 + Stojana -100 \u20acura<\/li>\n<li>Mate Tomi\u0107 + Milana \u2013 100 KM<\/li>\n<li>Mila Ere\u0161 ud. Ante -100 KM<\/li>\n<li>Jure Bunoza + Stanka -100 KM<\/li>\n<li>\u017deljko Tomi\u0107 + Milana -300 KM<\/li>\n<li>Damir Medi\u0107 + Drage -100 KM<\/li>\n<li>Nedjeljko Ere\u0161 (\u0160kico ) \u2013 150 KM<\/li>\n<li>Organizatori turnira zaselaka Leda 2014 god. \u2013 10.000 KM<\/li>\n<\/ol>\n","protected":false},"excerpt":{"rendered":"<p>Velimir Dropulji\u0107 \u2013 100 KM Marijan Mijo\u010d \u2013 200 KM Ante Medi\u0107 (Gale) \u2013 100 \u20acura Slobodan (Bodo ) Bunoza<\/p>\n","protected":false},"author":2,"featured_media":535,"comment_status":"closed","ping_status":"closed","sticky":false,"template":"","format":"standard","meta":{"footnotes":""},"categories":[5],"tags":[],"class_list":["post-538","post","type-post","status-publish","format-standard","has-post-thumbnail","hentry","category-radisici"],"_links":{"self":[{"href":"https:\/\/radisici.ba\/index.php?rest_route=\/wp\/v2\/posts\/538","targetHints":{"allow":["GET"]}}],"collection":[{"href":"https:\/\/radisici.ba\/index.php?rest_route=\/wp\/v2\/posts"}],"about":[{"href":"https:\/\/radisici.ba\/index.php?rest_route=\/wp\/v2\/types\/post"}],"author":[{"embeddable":true,"href":"https:\/\/radisici.ba\/index.php?rest_route=\/wp\/v2\/users\/2"}],"replies":[{"embeddable":true,"href":"https:\/\/radisici.ba\/index.php?rest_route=%2Fwp%2Fv2%2Fcomments&post=538"}],"version-history":[{"count":3,"href":"https:\/\/radisici.ba\/index.php?rest_route=\/wp\/v2\/posts\/538\/revisions"}],"predecessor-version":[{"id":548,"href":"https:\/\/radisici.ba\/index.php?rest_route=\/wp\/v2\/posts\/538\/revisions\/548"}],"wp:featuredmedia":[{"embeddable":true,"href":"https:\/\/radisici.ba\/index.php?rest_route=\/wp\/v2\/media\/535"}],"wp:attachment":[{"href":"https:\/\/radisici.ba\/index.php?rest_route=%2Fwp%2Fv2%2Fmedia&parent=538"}],"wp:term":[{"taxonomy":"category","embeddable":true,"href":"https:\/\/radisici.ba\/index.php?rest_route=%2Fwp%2Fv2%2Fcategories&post=538"},{"taxonomy":"post_tag","embeddable":true,"href":"https:\/\/radisici.ba\/index.php?rest_route=%2Fwp%2Fv2%2Ftags&post=538"}],"curies":[{"name":"wp","href":"https:\/\/api.w.org\/{rel}","templated":true}]}}