{"id":519,"date":"2024-03-19T19:57:26","date_gmt":"2024-03-19T18:57:26","guid":{"rendered":"https:\/\/radisici.ba\/?p=519"},"modified":"2024-03-19T19:57:26","modified_gmt":"2024-03-19T18:57:26","slug":"radisicanin-marijo-primorac-nominiran-za-hercegovca-godine","status":"publish","type":"post","link":"https:\/\/radisici.ba\/?p=519","title":{"rendered":"Radi\u0161i\u0107anin Marijo Primorac nominiran za \u201cHercegovca godine\u201d"},"content":{"rendered":"<p>Jo\u0161 samo danas mo\u017eete nominirati sve one Hercegovce za koje smatrate da svojim trudom, radom i primjerom mogu ponijeti laskavu titulu \u201cHercegovac godine\u201d.<\/p>\n<p>Nominacije se zaprimaju isklju\u010divo na mail adresu hercegovkagodine@gmail.com.<\/p>\n<p>Uz nominaciju potrebno prilo\u017eiti popratno pismo, biografiju, fotografiju i SUGLASNOST osobe koju nominirate.<\/p>\n<p>Pristigla je nominacija i za Ljubu\u0161aka Marija Primorca koji \u017eivi u Essenu. Popratno pismo prenosimo u cijelosti:<\/p>\n<p>Nominiramo jednog svestranog Hercegovca koji je ve\u0107 dugo poznat \u0161iroj javnosti, a proteklih dana punio je naslovnice portala zbog svoje ljubavi prema Hercegovini u koju dolazi 1x tjedno zbog maslinika koje je odlu\u010dio uzgajati na rodnoj grudi.<\/p>\n<p>Ovaj svestrani Hercegovac je i veliki humanitarac, pa uz sve du\u017enosti koje je obna\u0161ao bez dvojbe se mo\u017ee kazati da je primjer sposobnog Hercegovca.<br \/>\nMarijo je o\u017eenjen i otac je \u010detvero djece. Obna\u0161a direktorsku poziciju u vlastitoj tvrtki Primorac GmbH, Essen\/Njema\u010dka<br \/>\nVlasnik je i OPG OPG Filsoni\u0107i, Radi\u0161i\u0107i.<\/p>\n<p>Od 2012. clan Hrvatskog svjetskog kongresa Njema\u010dke<br \/>\n2012. organizacija promocije filma tri dana, te politi\u010dki forum sa svim \u010dlanovima vlade Zapadnohercegova\u010dke \u017eupanije<br \/>\n2013. \u2013 2016. \u010dlan \u0161ireg predsjedni\u0161tva nogometnog kluba Croatia Essen<\/p>\n<p>Marijo je aktivan i u politici:<\/p>\n<p>2014. \u2013 2019. predsjednik mlade\u017ei HDZ-a NRW<br \/>\nOd 2016. \u010dlan predsjedni\u0161tva KOO HDZ-a NRW<br \/>\nOd 2021. \u010dlan savjeta Vlade RH za Hrvate izvan RH<br \/>\nOd 2022. \u2013 2024. predsjednik HKD Mala Kapela Essen<br \/>\nOd 2024. dopredsjednik HKD Mala Kapela Essen<\/p>\n<p>Izdvajamo neke humanitarne akcije u kojima je sudjelovao: suorganizacija humanitarne pomo\u0107i poplavljenim podru\u010djima Hrvatske<\/p>\n<p>2015. organizacija i predaja financijske pomo\u0107i Domu za djecu s pote\u0161ko\u0107ama u razvoju \u201eMarija-na\u0161a nada\u201c \u0160iroki Brijeg<br \/>\n2015. organizacija prijevoza i donacija bolni\u010dkih kreveta za SKB Mostar<\/p>\n<p>2016. organizacija prijevoza i donacija crkvenih klupa za \u017dupu u \u010citluku<\/p>\n<p>2017. clan \u0161ireg predsjedni\u0161tva \u201eTennis Klub Me\u0111ugorje\u201c<br \/>\n2018. razne aktivnosti u rodnom selu Radi\u0161i\u0107i<br \/>\n2019. prisjednik Hrvatskog Svjetskog kongresa, Njema\u010dka<\/p>\n<p>2019. organizacija i pomo\u0107 za vrijeme pandemije u HR i Zapadnohercegova\u010dkoj \u017eupaniji<\/p>\n<p>2020. suorganizacija humanitarne pomo\u0107i potresno pogo\u0111enim podru\u010djima<\/p>\n<p>&nbsp;<\/p>\n<p style=\"text-align: right;\"><span style=\"font-family: arial, helvetica, sans-serif; font-size: 10pt;\">ljportal<\/span><\/p>\n","protected":false},"excerpt":{"rendered":"<p>Jo\u0161 samo danas mo\u017eete nominirati sve one Hercegovce za koje smatrate da svojim trudom, radom i primjerom mogu ponijeti laskavu<\/p>\n","protected":false},"author":2,"featured_media":520,"comment_status":"closed","ping_status":"closed","sticky":false,"template":"","format":"standard","meta":{"footnotes":""},"categories":[5],"tags":[],"class_list":["post-519","post","type-post","status-publish","format-standard","has-post-thumbnail","hentry","category-radisici"],"_links":{"self":[{"href":"https:\/\/radisici.ba\/index.php?rest_route=\/wp\/v2\/posts\/519","targetHints":{"allow":["GET"]}}],"collection":[{"href":"https:\/\/radisici.ba\/index.php?rest_route=\/wp\/v2\/posts"}],"about":[{"href":"https:\/\/radisici.ba\/index.php?rest_route=\/wp\/v2\/types\/post"}],"author":[{"embeddable":true,"href":"https:\/\/radisici.ba\/index.php?rest_route=\/wp\/v2\/users\/2"}],"replies":[{"embeddable":true,"href":"https:\/\/radisici.ba\/index.php?rest_route=%2Fwp%2Fv2%2Fcomments&post=519"}],"version-history":[{"count":1,"href":"https:\/\/radisici.ba\/index.php?rest_route=\/wp\/v2\/posts\/519\/revisions"}],"predecessor-version":[{"id":521,"href":"https:\/\/radisici.ba\/index.php?rest_route=\/wp\/v2\/posts\/519\/revisions\/521"}],"wp:featuredmedia":[{"embeddable":true,"href":"https:\/\/radisici.ba\/index.php?rest_route=\/wp\/v2\/media\/520"}],"wp:attachment":[{"href":"https:\/\/radisici.ba\/index.php?rest_route=%2Fwp%2Fv2%2Fmedia&parent=519"}],"wp:term":[{"taxonomy":"category","embeddable":true,"href":"https:\/\/radisici.ba\/index.php?rest_route=%2Fwp%2Fv2%2Fcategories&post=519"},{"taxonomy":"post_tag","embeddable":true,"href":"https:\/\/radisici.ba\/index.php?rest_route=%2Fwp%2Fv2%2Ftags&post=519"}],"curies":[{"name":"wp","href":"https:\/\/api.w.org\/{rel}","templated":true}]}}