{"id":502,"date":"2024-03-02T21:04:14","date_gmt":"2024-03-02T20:04:14","guid":{"rendered":"https:\/\/radisici.ba\/?p=502"},"modified":"2024-03-02T21:04:14","modified_gmt":"2024-03-02T20:04:14","slug":"najava-prekida-u-isporuci-el-energije-od-ponedjeljka-do-cetvrtka","status":"publish","type":"post","link":"https:\/\/radisici.ba\/?p=502","title":{"rendered":"Najava prekida u isporuci el. energije od ponedjeljka do \u010detvrtka"},"content":{"rendered":"<div class=\"itemFullText\">\n<p><strong>Distribucija elektri\u010dne energije<\/strong><\/p>\n<p><strong>DP Jug \u2013 Pogon Grude,<\/strong><\/p>\n<p><strong>Poslovnica \u201dElektro Ljubu\u0161ki\u201d<\/strong><\/p>\n<p><em>Obavje\u0161tavamo cijenjene potro\u0161a\u010de da \u0107e zbog planiranih radova Elektroprijenosa BiH do\u0107i do prekida u isporuci elektri\u010dne energije u naseljima na podru\u010dju grada Ljubu\u0161kog prema dolje navedenom rasporedu:<\/em><\/p>\n<p><em><strong>Ponedjeljak, 4.3.2024.:<\/strong><\/em><\/p>\n<ul>\n<li><em>Pregra\u0111e, Studenci, Ligat, Staje, Stubica, Zviri\u0107i u razdoblju <strong>od 08:30 do 10:30 sati.<\/strong><\/em><\/li>\n<li><em>Humac \u2013 Novo naselje oko crkve sv. Ante; Radni\u010dko naselje, Ulica fra Rude Mikuli\u0107a, Ulica Put za Bu\u010dine, dio Ulice Hrvatskih kraljeva, dio Ulice Konzolate Grgi\u0107, dio Jadranske ceste <strong>od 10:30 do 12:30 sati.<\/strong><\/em><\/li>\n<li><em>Humac-Brod, Grabovnik, Veljaci, Triba\u010d, Vojni\u0107i, \u0160ipova\u010da, Vodice, Dole i Greda <strong>od 12:30 do 14:30 sati.<\/strong><\/em><\/li>\n<\/ul>\n<p><em><strong>Utorak, 5.3.2024.:<\/strong><\/em><\/p>\n<ul>\n<li><em>Vitina, Otok, Grabovo Vrilo, Maji\u0107 Mala, Uljevina, Brljica, Klobuk: Kapel Mala, Dra\u010de, Pr\u017eine, Osoje, \u0160iljevi\u0161te, Dabrnja, Rudikovica, \u010culjkove Njive i Zastra\u017enica u razdoblju <strong>od 10:30 do 12:30 sati<\/strong>.<\/em><\/li>\n<\/ul>\n<p><em><strong>Srijeda, 6.3.2024.:<\/strong><\/em><\/p>\n<ul>\n<li><em>Humac-Ohio, Humac-Rulja\u0161, Humac-Zovci, Lisice, Crveni Grm, Va\u0161arovi\u0107i, Grab i Orahovlje u razdoblju <strong>od 08:30 do 10:30 sati.<\/strong><\/em><\/li>\n<li><em>Planta\u017ea, <span style=\"color: #ff0000;\"><strong>Radi\u0161i\u0107i<\/strong><\/span>, Proboj, Odut, Vitina-Kula, Lipno i Gradska u razdoblju <strong>od 10:30 do 12:30 sati<\/strong><\/em><\/li>\n<\/ul>\n<p><em><strong>\u010cetvrtak, 7.3.2024.:<\/strong><\/em><\/p>\n<ul>\n<li><em>Humac-Matinjevac, Humac-Gra\u010dine, Bu\u010dine, Teskera, Hardomilje, Vitaljina, Bija\u010da, dio Zviri\u0107a te objekti uz Autocestu u razdoblju <strong>od 08:30 do 10:30 sati.<\/strong><\/em><\/li>\n<li><em>Gornji Grad, Mostarska Vrata, Greda, Industrijska zona uz Put za Me\u0111ugorje u razdoblju <strong>od 12:30 do 14:30 sati.<\/strong><\/em><\/li>\n<\/ul>\n<p><em>Unaprijed zahvaljujemo na razumijevanju,<\/em><\/p>\n<p><em>\u00a0\u00a0\u00a0\u00a0\u00a0\u00a0\u00a0\u00a0\u00a0\u00a0\u00a0\u00a0\u00a0\u00a0\u00a0\u00a0\u00a0\u00a0\u00a0\u00a0\u00a0\u00a0\u00a0\u00a0\u00a0\u00a0\u00a0\u00a0\u00a0\u00a0\u00a0\u00a0\u00a0\u00a0\u00a0\u00a0\u00a0\u00a0\u00a0\u00a0\u00a0\u00a0\u00a0\u00a0\u00a0\u00a0\u00a0\u00a0 \u00a0\u00a0\u00a0\u00a0\u00a0\u00a0\u00a0\u00a0\u00a0\u00a0\u00a0\u00a0\u00a0\u00a0\u00a0\u00a0\u00a0\u00a0\u00a0\u00a0\u00a0\u00a0\u00a0\u00a0\u00a0\u00a0\u00a0\u00a0\u00a0\u00a0\u00a0\u00a0\u00a0\u00a0\u00a0\u00a0\u00a0\u00a0\u00a0\u00a0\u00a0\u00a0\u00a0\u00a0\u00a0\u00a0\u00a0\u00a0\u00a0\u00a0\u00a0\u00a0\u00a0\u00a0\u00a0\u00a0\u00a0\u00a0\u00a0\u00a0\u00a0\u00a0\u00a0\u00a0\u00a0\u00a0\u00a0\u00a0\u00a0Rukovoditelj poslovnice<\/em><\/p>\n<p><em>\u00a0\u00a0\u00a0\u00a0\u00a0\u00a0\u00a0\u00a0\u00a0\u00a0\u00a0\u00a0\u00a0\u00a0\u00a0\u00a0\u00a0\u00a0\u00a0\u00a0\u00a0\u00a0\u00a0\u00a0\u00a0\u00a0\u00a0\u00a0\u00a0\u00a0\u00a0\u00a0\u00a0\u00a0\u00a0\u00a0\u00a0\u00a0\u00a0\u00a0\u00a0\u00a0 \u00a0\u00a0\u00a0\u00a0\u00a0\u00a0\u00a0\u00a0\u00a0\u00a0\u00a0\u00a0\u00a0\u00a0\u00a0\u00a0\u00a0\u00a0\u00a0\u00a0\u00a0\u00a0\u00a0\u00a0\u00a0\u00a0\u00a0\u00a0\u00a0\u00a0\u00a0\u00a0\u00a0\u00a0\u00a0\u00a0\u00a0\u00a0\u00a0\u00a0\u00a0\u00a0\u00a0\u00a0\u00a0\u00a0\u00a0\u00a0\u00a0\u00a0\u00a0\u00a0\u00a0\u00a0\u00a0\u00a0\u00a0\u00a0\u00a0\u00a0\u00a0\u00a0\u00a0\u00a0\u00a0\u00a0\u00a0\u00a0\u00a0\u00a0\u00a0\u00a0\u00a0\u00a0\u00a0\u00a0\u00a0\u00a0\u00a0\u00a0\u00a0\u201dElektro Ljubu\u0161ki\u201d<\/em><\/p>\n<p><em>\u00a0\u00a0\u00a0\u00a0\u00a0\u00a0\u00a0\u00a0\u00a0\u00a0\u00a0\u00a0\u00a0\u00a0\u00a0\u00a0 \u00a0\u00a0\u00a0\u00a0\u00a0\u00a0\u00a0\u00a0\u00a0\u00a0\u00a0\u00a0\u00a0\u00a0\u00a0\u00a0\u00a0\u00a0\u00a0\u00a0\u00a0\u00a0\u00a0\u00a0\u00a0\u00a0\u00a0\u00a0\u00a0\u00a0\u00a0\u00a0\u00a0\u00a0\u00a0\u00a0\u00a0\u00a0\u00a0\u00a0\u00a0\u00a0\u00a0\u00a0\u00a0\u00a0\u00a0\u00a0\u00a0\u00a0\u00a0\u00a0\u00a0\u00a0\u00a0\u00a0\u00a0\u00a0\u00a0\u00a0\u00a0\u00a0\u00a0\u00a0\u00a0\u00a0\u00a0\u00a0\u00a0\u00a0\u00a0\u00a0\u00a0\u00a0\u00a0\u00a0\u00a0\u00a0\u00a0\u00a0\u00a0\u00a0\u00a0\u00a0\u00a0\u00a0\u00a0\u00a0\u00a0\u00a0\u00a0\u00a0\u00a0Ivan Bubalo, dipl. ing. el.<\/em><\/p>\n<\/div>\n","protected":false},"excerpt":{"rendered":"<p>Distribucija elektri\u010dne energije DP Jug \u2013 Pogon Grude, Poslovnica \u201dElektro Ljubu\u0161ki\u201d Obavje\u0161tavamo cijenjene potro\u0161a\u010de da \u0107e zbog planiranih radova Elektroprijenosa<\/p>\n","protected":false},"author":2,"featured_media":503,"comment_status":"closed","ping_status":"closed","sticky":false,"template":"","format":"standard","meta":{"footnotes":""},"categories":[4],"tags":[],"class_list":["post-502","post","type-post","status-publish","format-standard","has-post-thumbnail","hentry","category-vijesti"],"_links":{"self":[{"href":"https:\/\/radisici.ba\/index.php?rest_route=\/wp\/v2\/posts\/502","targetHints":{"allow":["GET"]}}],"collection":[{"href":"https:\/\/radisici.ba\/index.php?rest_route=\/wp\/v2\/posts"}],"about":[{"href":"https:\/\/radisici.ba\/index.php?rest_route=\/wp\/v2\/types\/post"}],"author":[{"embeddable":true,"href":"https:\/\/radisici.ba\/index.php?rest_route=\/wp\/v2\/users\/2"}],"replies":[{"embeddable":true,"href":"https:\/\/radisici.ba\/index.php?rest_route=%2Fwp%2Fv2%2Fcomments&post=502"}],"version-history":[{"count":1,"href":"https:\/\/radisici.ba\/index.php?rest_route=\/wp\/v2\/posts\/502\/revisions"}],"predecessor-version":[{"id":504,"href":"https:\/\/radisici.ba\/index.php?rest_route=\/wp\/v2\/posts\/502\/revisions\/504"}],"wp:featuredmedia":[{"embeddable":true,"href":"https:\/\/radisici.ba\/index.php?rest_route=\/wp\/v2\/media\/503"}],"wp:attachment":[{"href":"https:\/\/radisici.ba\/index.php?rest_route=%2Fwp%2Fv2%2Fmedia&parent=502"}],"wp:term":[{"taxonomy":"category","embeddable":true,"href":"https:\/\/radisici.ba\/index.php?rest_route=%2Fwp%2Fv2%2Fcategories&post=502"},{"taxonomy":"post_tag","embeddable":true,"href":"https:\/\/radisici.ba\/index.php?rest_route=%2Fwp%2Fv2%2Ftags&post=502"}],"curies":[{"name":"wp","href":"https:\/\/api.w.org\/{rel}","templated":true}]}}