{"id":495,"date":"2024-02-27T18:12:24","date_gmt":"2024-02-27T17:12:24","guid":{"rendered":"https:\/\/radisici.ba\/?p=495"},"modified":"2024-02-27T18:12:24","modified_gmt":"2024-02-27T17:12:24","slug":"predstavljanje-knjige-mag-art-hist-et-phil-danijele-grbavac-izmedu-polumjeseca-i-lava-poslijetridentska-ikonografija-u-hercegovackoj-slikarskoj-bastini","status":"publish","type":"post","link":"https:\/\/radisici.ba\/?p=495","title":{"rendered":"Predstavljanje knjige mag. art. hist. et phil. Danijele Grbavac Izme\u0111u polumjeseca i lava: poslijetridentska ikonografija u hercegova\u010dkoj slikarskoj ba\u0161tini"},"content":{"rendered":"<p>Udruga HKB-Bilig u suradnji s Franjeva\u010dkim samostanom sv. Ante Padovanskog na Humcu Vas poziva na predstavljanje knjige <em>Izme\u0111u polumjeseca i lava: poslijetridentska ikonografija u hercegova\u010dkoj slikarskoj ba\u0161tini<\/em>, autorice mag. art. hist. et phil. Danijele Grbavac.<\/p>\n<p>Predstavljanje \u0107e se odr\u017eati u <strong>srijedu, 28. velja\u010de 2024. g.<\/strong> u dvorani sv. Ante na Humcu s po\u010detkom u 19 sati.<\/p>\n<p>Knjigu \u0107e predstaviti mag. art. hist. Valerija Soldo Re\u0161etar, a nekoliko rije\u010di re\u0107i \u0107e predsjednik Udruge HKB-Bilig dr. sc. Ante \u010cuvalo, \u017eupnik i gvardijan fra Dario Dodig te sama autorica.<\/p>\n<p>Programom \u0107e moderirati dr. sc. Ljiljana Herceg.<\/p>\n<p>Radujemo se va\u0161em dolasku!<\/p>\n<p><img loading=\"lazy\" decoding=\"async\" class=\"size-medium wp-image-497 aligncenter\" src=\"https:\/\/radisici.ba\/wp-content\/uploads\/2024\/02\/pozivnica1-212x300.png\" alt=\"\" width=\"212\" height=\"300\" srcset=\"https:\/\/radisici.ba\/wp-content\/uploads\/2024\/02\/pozivnica1-212x300.png 212w, https:\/\/radisici.ba\/wp-content\/uploads\/2024\/02\/pozivnica1.png 595w\" sizes=\"auto, (max-width: 212px) 100vw, 212px\" \/><\/p>\n","protected":false},"excerpt":{"rendered":"<p>Udruga HKB-Bilig u suradnji s Franjeva\u010dkim samostanom sv. Ante Padovanskog na Humcu Vas poziva na predstavljanje knjige Izme\u0111u polumjeseca i<\/p>\n","protected":false},"author":6,"featured_media":496,"comment_status":"closed","ping_status":"closed","sticky":false,"template":"","format":"standard","meta":{"footnotes":""},"categories":[4],"tags":[],"class_list":["post-495","post","type-post","status-publish","format-standard","has-post-thumbnail","hentry","category-vijesti"],"_links":{"self":[{"href":"https:\/\/radisici.ba\/index.php?rest_route=\/wp\/v2\/posts\/495","targetHints":{"allow":["GET"]}}],"collection":[{"href":"https:\/\/radisici.ba\/index.php?rest_route=\/wp\/v2\/posts"}],"about":[{"href":"https:\/\/radisici.ba\/index.php?rest_route=\/wp\/v2\/types\/post"}],"author":[{"embeddable":true,"href":"https:\/\/radisici.ba\/index.php?rest_route=\/wp\/v2\/users\/6"}],"replies":[{"embeddable":true,"href":"https:\/\/radisici.ba\/index.php?rest_route=%2Fwp%2Fv2%2Fcomments&post=495"}],"version-history":[{"count":1,"href":"https:\/\/radisici.ba\/index.php?rest_route=\/wp\/v2\/posts\/495\/revisions"}],"predecessor-version":[{"id":498,"href":"https:\/\/radisici.ba\/index.php?rest_route=\/wp\/v2\/posts\/495\/revisions\/498"}],"wp:featuredmedia":[{"embeddable":true,"href":"https:\/\/radisici.ba\/index.php?rest_route=\/wp\/v2\/media\/496"}],"wp:attachment":[{"href":"https:\/\/radisici.ba\/index.php?rest_route=%2Fwp%2Fv2%2Fmedia&parent=495"}],"wp:term":[{"taxonomy":"category","embeddable":true,"href":"https:\/\/radisici.ba\/index.php?rest_route=%2Fwp%2Fv2%2Fcategories&post=495"},{"taxonomy":"post_tag","embeddable":true,"href":"https:\/\/radisici.ba\/index.php?rest_route=%2Fwp%2Fv2%2Ftags&post=495"}],"curies":[{"name":"wp","href":"https:\/\/api.w.org\/{rel}","templated":true}]}}