{"id":480,"date":"2024-02-23T21:15:23","date_gmt":"2024-02-23T20:15:23","guid":{"rendered":"https:\/\/radisici.ba\/?p=480"},"modified":"2024-02-23T21:15:23","modified_gmt":"2024-02-23T20:15:23","slug":"mario-primorac-iz-njemacke-svaki-vikend-dolazi-u-svoje-radisice","status":"publish","type":"post","link":"https:\/\/radisici.ba\/?p=480","title":{"rendered":"Mario Primorac iz Njema\u010dke svaki vikend dolazi u svoje Radi\u0161i\u0107e"},"content":{"rendered":"<p>Kamen, kr\u0161 i maslina, motivi su koji Maria Primorca vuku u njegovu Hercegovinu. Svaki vikend iz Njema\u010dke dolazi u Ljubu\u0161ki, to\u010dnije selo Radi\u0161i\u0107e. Na njegovim planta\u017eama trenutno ima oko 1200 maslina, a s radom je krenuo prije 4 godine.<\/p>\n<p>U Radi\u0161i\u0107ima, se krije pravo bogatstvo maslina i maslinika. U sve to je ulo\u017eeno jako puno truda, rada, vremena i ljubavi. Naime, Marijo Primorac koji \u017eivi i radi u Essenu u Njema\u010dkoj je \u201ekrivac\u201c za sve navedeno.<\/p>\n<p>Ono \u0161to je jako zanimljivo kada govorimo o ovom \u010dovjeku jest njegova ljubav prema rodnoj grudi svojih roditelja unato\u010d \u010dinjenici da se rodio u Njema\u010dkoj.<\/p>\n<p>Za ekipu PRO TV je otkrio kako skoro svaki tjedan dolazi iz Njema\u010dke u Hercegovinu, gdje se osje\u0107a ipak najljep\u0161e.<\/p>\n<p><iframe loading=\"lazy\" title=\"IZ NJEMA\u010cKE SVAKI TJEDAN DOLAZI U HERCEGOVINU - MARIO PRIMORAC\" width=\"640\" height=\"360\" src=\"https:\/\/www.youtube.com\/embed\/KQHic6RxeZE?start=90&#038;feature=oembed\" frameborder=\"0\" allow=\"accelerometer; autoplay; clipboard-write; encrypted-media; gyroscope; picture-in-picture; web-share\" referrerpolicy=\"strict-origin-when-cross-origin\" allowfullscreen><\/iframe><\/p>\n<p>&nbsp;<\/p>\n<p class=\"entry-title post-title\" style=\"text-align: right;\"><span class=\"title-sub\">Autor: ProTV | LJ::portal<\/span><\/p>\n","protected":false},"excerpt":{"rendered":"<p>Kamen, kr\u0161 i maslina, motivi su koji Maria Primorca vuku u njegovu Hercegovinu. Svaki vikend iz Njema\u010dke dolazi u Ljubu\u0161ki,<\/p>\n","protected":false},"author":2,"featured_media":481,"comment_status":"closed","ping_status":"closed","sticky":false,"template":"","format":"standard","meta":{"footnotes":""},"categories":[5],"tags":[],"class_list":["post-480","post","type-post","status-publish","format-standard","has-post-thumbnail","hentry","category-radisici"],"_links":{"self":[{"href":"https:\/\/radisici.ba\/index.php?rest_route=\/wp\/v2\/posts\/480","targetHints":{"allow":["GET"]}}],"collection":[{"href":"https:\/\/radisici.ba\/index.php?rest_route=\/wp\/v2\/posts"}],"about":[{"href":"https:\/\/radisici.ba\/index.php?rest_route=\/wp\/v2\/types\/post"}],"author":[{"embeddable":true,"href":"https:\/\/radisici.ba\/index.php?rest_route=\/wp\/v2\/users\/2"}],"replies":[{"embeddable":true,"href":"https:\/\/radisici.ba\/index.php?rest_route=%2Fwp%2Fv2%2Fcomments&post=480"}],"version-history":[{"count":1,"href":"https:\/\/radisici.ba\/index.php?rest_route=\/wp\/v2\/posts\/480\/revisions"}],"predecessor-version":[{"id":482,"href":"https:\/\/radisici.ba\/index.php?rest_route=\/wp\/v2\/posts\/480\/revisions\/482"}],"wp:featuredmedia":[{"embeddable":true,"href":"https:\/\/radisici.ba\/index.php?rest_route=\/wp\/v2\/media\/481"}],"wp:attachment":[{"href":"https:\/\/radisici.ba\/index.php?rest_route=%2Fwp%2Fv2%2Fmedia&parent=480"}],"wp:term":[{"taxonomy":"category","embeddable":true,"href":"https:\/\/radisici.ba\/index.php?rest_route=%2Fwp%2Fv2%2Fcategories&post=480"},{"taxonomy":"post_tag","embeddable":true,"href":"https:\/\/radisici.ba\/index.php?rest_route=%2Fwp%2Fv2%2Ftags&post=480"}],"curies":[{"name":"wp","href":"https:\/\/api.w.org\/{rel}","templated":true}]}}