{"id":476,"date":"2024-02-23T20:51:58","date_gmt":"2024-02-23T19:51:58","guid":{"rendered":"https:\/\/radisici.ba\/?p=476"},"modified":"2024-02-23T20:51:58","modified_gmt":"2024-02-23T19:51:58","slug":"foto-zapocelo-renoviranje-crkve-sv-nikole-tavelica-u-radisicima","status":"publish","type":"post","link":"https:\/\/radisici.ba\/?p=476","title":{"rendered":"Foto: Zapo\u010delo renoviranje  crkve sv. Nikole Taveli\u0107a u Radi\u0161i\u0107ima"},"content":{"rendered":"<p>Izgradnja crkve sv Nikole Taveli\u0107a zapo\u010dela je 1980 god. u Radi\u0161i\u0107ima a 1984 je dovr\u0161ena i od tada redovito mje\u0161tani Radi\u0161i\u0107a brinu se o njoj i mole se. Pro\u0161lo je 40 godina i u samu crkvu su bila sitnija ulaganja ,vrijeme \u010dini svoje i sad je sazrela za detaljno renoviranje.<\/p>\n<p>Ekipa ljudi za koju mo\u017eemo re\u0107i da je crkveni odbor na \u010delu sa fra Andrijom Maji\u0107em koji ispred \u017eupne crkve na Humcu vodi Radi\u0161i\u0107e i huma\u010dkim gvardijanom fra Darijom Dodigom krenula je u radove renoviranja. Molersko fasaderska firma \u0160umelj prije 7-8 dana krenula je sa radovima obnove fasade\u00a0 usporedo s tim radovima Bravar Lukenda priprema nove prozore i vrata,elektro Gavran usporedo prati sve potrebite elektri\u010darske radove, limar Darko priprema limove za zvonik i simsove a Joka je odradio spu\u0161tanje klima da ne vise na crkvi. To bi bila prva faza radova \u010diji kraj o\u010dekuje se do Uskrsa. Tu \u0107emo se pribrat napraviti plan unutarnjih radova i odraditi sve potrebito i unutar crkve.<\/p>\n<p>Svi ovi radovi iziskuju i velika nov\u010dana sredstva pa je fra Andrija \u00a0pozvao narod Radi\u0161i\u0107a da da koliko ko mo\u017ee, njemu osobno a mo\u017ee i bilo kojemu fratru koji bude na misi bilo u crkvi ili na Krvnici i ve\u0107 je odaziv solidan. Hvala i gradu Ljubu\u0161kom na \u010delu s na\u0161im gradona\u010delnikom Vedranom Markoti\u0107em, ministrici financija \u017dZH Blagici Leko, predsjedniku Skup\u0161tine na\u0161e \u017eupanije Ivanu Jel\u010di\u0107u i \u00a0JP Parkovi koji su ve\u0107 sada dobrano potpomogli renoviranje na\u0161e crkve (a obe\u0107ali su da ne\u0107e stat na ovome).<\/p>\n<p>S obzirom da ima upita kako uplatiti novac za pomo\u0107 renoviranja od Radi\u0161i\u0107anski zetova i pojedinih dobrostoje\u0107ih firmi evo broj \u017eiro ra\u010duna za KM :<\/p>\n<p>-3381602200842207 sa naznakom za crkvu sv. Nikole Taveli\u0107a.<\/p>\n<p>Radi\u0161i\u0107ana \u00a0ima po cijelome svijetu i nadamo se da ne\u0107e zanemarit ovaj \u010dlanak te \u0107e se sjetit svojih korijena i pomo\u0107i radove. \u00a0Svaka pomo\u0107 je dobrodo\u0161la a za njih evo ra\u010dun isto s naznakom za crkvu sv. Nikole Taveli\u0107a<\/p>\n<p>BIC : UNCRBA22XXX<\/p>\n<p>IBAN:BA 393380604817621927<\/p>\n<p>&nbsp;<\/p>\n<p style=\"text-align: center;\"><iframe loading=\"lazy\" style=\"border: none; overflow: hidden;\" src=\"https:\/\/www.facebook.com\/plugins\/post.php?href=https%3A%2F%2Fwww.facebook.com%2Fportalradisica%2Fposts%2Fpfbid02cUcLgSZiyAhnRCkngmV4YKou64a9maDtMexEwW3RH8W7hwMqMYaM1XR7PGsoo6Mil&amp;show_text=true&amp;width=500\" width=\"500\" height=\"681\" frameborder=\"0\" scrolling=\"no\" allowfullscreen=\"allowfullscreen\"><\/iframe><\/p>\n","protected":false},"excerpt":{"rendered":"<p>Izgradnja crkve sv Nikole Taveli\u0107a zapo\u010dela je 1980 god. u Radi\u0161i\u0107ima a 1984 je dovr\u0161ena i od tada redovito mje\u0161tani<\/p>\n","protected":false},"author":2,"featured_media":478,"comment_status":"closed","ping_status":"closed","sticky":false,"template":"","format":"standard","meta":{"footnotes":""},"categories":[5],"tags":[],"class_list":["post-476","post","type-post","status-publish","format-standard","has-post-thumbnail","hentry","category-radisici"],"_links":{"self":[{"href":"https:\/\/radisici.ba\/index.php?rest_route=\/wp\/v2\/posts\/476","targetHints":{"allow":["GET"]}}],"collection":[{"href":"https:\/\/radisici.ba\/index.php?rest_route=\/wp\/v2\/posts"}],"about":[{"href":"https:\/\/radisici.ba\/index.php?rest_route=\/wp\/v2\/types\/post"}],"author":[{"embeddable":true,"href":"https:\/\/radisici.ba\/index.php?rest_route=\/wp\/v2\/users\/2"}],"replies":[{"embeddable":true,"href":"https:\/\/radisici.ba\/index.php?rest_route=%2Fwp%2Fv2%2Fcomments&post=476"}],"version-history":[{"count":1,"href":"https:\/\/radisici.ba\/index.php?rest_route=\/wp\/v2\/posts\/476\/revisions"}],"predecessor-version":[{"id":479,"href":"https:\/\/radisici.ba\/index.php?rest_route=\/wp\/v2\/posts\/476\/revisions\/479"}],"wp:featuredmedia":[{"embeddable":true,"href":"https:\/\/radisici.ba\/index.php?rest_route=\/wp\/v2\/media\/478"}],"wp:attachment":[{"href":"https:\/\/radisici.ba\/index.php?rest_route=%2Fwp%2Fv2%2Fmedia&parent=476"}],"wp:term":[{"taxonomy":"category","embeddable":true,"href":"https:\/\/radisici.ba\/index.php?rest_route=%2Fwp%2Fv2%2Fcategories&post=476"},{"taxonomy":"post_tag","embeddable":true,"href":"https:\/\/radisici.ba\/index.php?rest_route=%2Fwp%2Fv2%2Ftags&post=476"}],"curies":[{"name":"wp","href":"https:\/\/api.w.org\/{rel}","templated":true}]}}