{"id":464,"date":"2024-02-21T20:59:33","date_gmt":"2024-02-21T19:59:33","guid":{"rendered":"https:\/\/radisici.ba\/?p=464"},"modified":"2024-02-21T20:59:33","modified_gmt":"2024-02-21T19:59:33","slug":"ljubuski-frizeri-organiziraju-humanitarno-sisanje-srcem-za-potrebite","status":"publish","type":"post","link":"https:\/\/radisici.ba\/?p=464","title":{"rendered":"Ljubu\u0161ki frizeri organiziraju humanitarno \u0161i\u0161anje \u201cSrcem za potrebite\u201d"},"content":{"rendered":"<div class=\"xdj266r x11i5rnm xat24cr x1mh8g0r x1vvkbs x126k92a\">\n<div dir=\"auto\">Sa zadovoljstvom vas pozivamo na doga\u0111aj \u201eSrcem za potrebite\u201c, humanitarno \u0161i\u0161anje koje \u0107e se odr\u017eati u subotu, 16. o\u017eujka 2024. na Trgu dr. Franje Tu\u0111mana u Ljubu\u0161kom.<\/div>\n<\/div>\n<div class=\"x11i5rnm xat24cr x1mh8g0r x1vvkbs xtlvy1s x126k92a\">\n<div dir=\"auto\">Ova divna inicijativa je zapo\u010deta od strane na\u0161ih frizera. Ustrajni u humanitarnoj namjeri, okupili su se s ciljem pru\u017eanja frizerskih usluga u svrhu prikupljanja dobrovoljnih prihoda.<\/div>\n<\/div>\n<div class=\"x11i5rnm xat24cr x1mh8g0r x1vvkbs xtlvy1s x126k92a\">\n<div dir=\"auto\">Prikupljene priloge \u0107e donirati Edukacijsko-rehabilitacijskom centru za djecu, mlade i odrasle s te\u0161ko\u0107ama u razvoju Ljubu\u0161ki i Udruzi roditelja s posebnim potrebama \u201eDuga\u201c Ljubu\u0161ki.<\/div>\n<\/div>\n<div class=\"x11i5rnm xat24cr x1mh8g0r x1vvkbs xtlvy1s x126k92a\">\n<div dir=\"auto\">\u201eUzbu\u0111eni smo \u0161to imamo priliku spojiti ljubav prema frizurama s ljubavlju prema humanosti. Svaki rez, svako \u0161i\u0161anje bit \u0107e izvedeno sa stra\u0161\u0107u i brigom, s ciljem da osiguramo osmijehe na licima onih kojima je pomo\u0107 najpotrebnija\u201c, poru\u010dili su okupljeni frizeri.<\/div>\n<div dir=\"auto\"><\/div>\n<\/div>\n<div class=\"x11i5rnm xat24cr x1mh8g0r x1vvkbs xtlvy1s x126k92a\">\n<div dir=\"auto\">Ovim putem se pozivaju svi frizeri koji \u017eele sudjelovati u ovom humanitarnom doga\u0111aju da se prijave na kontakt broj: 063\/325-261.<\/div>\n<\/div>\n<p><iframe loading=\"lazy\" style=\"border: none; overflow: hidden;\" src=\"https:\/\/www.facebook.com\/plugins\/post.php?href=https%3A%2F%2Fwww.facebook.com%2Ftz.ljubuski%2Fposts%2Fpfbid02Tkrg3R7E1gGnL15jgNCWuvCsP6TvfBXnEkiohjA22XcRj3Nv819ZANve1ZTCLXful&amp;show_text=true&amp;width=500\" width=\"500\" height=\"737\" frameborder=\"0\" scrolling=\"no\" allowfullscreen=\"allowfullscreen\"><\/iframe><\/p>\n","protected":false},"excerpt":{"rendered":"<p>Sa zadovoljstvom vas pozivamo na doga\u0111aj \u201eSrcem za potrebite\u201c, humanitarno \u0161i\u0161anje koje \u0107e se odr\u017eati u subotu, 16. o\u017eujka 2024.<\/p>\n","protected":false},"author":2,"featured_media":465,"comment_status":"closed","ping_status":"closed","sticky":false,"template":"","format":"standard","meta":{"footnotes":""},"categories":[4],"tags":[],"class_list":["post-464","post","type-post","status-publish","format-standard","has-post-thumbnail","hentry","category-vijesti"],"_links":{"self":[{"href":"https:\/\/radisici.ba\/index.php?rest_route=\/wp\/v2\/posts\/464","targetHints":{"allow":["GET"]}}],"collection":[{"href":"https:\/\/radisici.ba\/index.php?rest_route=\/wp\/v2\/posts"}],"about":[{"href":"https:\/\/radisici.ba\/index.php?rest_route=\/wp\/v2\/types\/post"}],"author":[{"embeddable":true,"href":"https:\/\/radisici.ba\/index.php?rest_route=\/wp\/v2\/users\/2"}],"replies":[{"embeddable":true,"href":"https:\/\/radisici.ba\/index.php?rest_route=%2Fwp%2Fv2%2Fcomments&post=464"}],"version-history":[{"count":1,"href":"https:\/\/radisici.ba\/index.php?rest_route=\/wp\/v2\/posts\/464\/revisions"}],"predecessor-version":[{"id":466,"href":"https:\/\/radisici.ba\/index.php?rest_route=\/wp\/v2\/posts\/464\/revisions\/466"}],"wp:featuredmedia":[{"embeddable":true,"href":"https:\/\/radisici.ba\/index.php?rest_route=\/wp\/v2\/media\/465"}],"wp:attachment":[{"href":"https:\/\/radisici.ba\/index.php?rest_route=%2Fwp%2Fv2%2Fmedia&parent=464"}],"wp:term":[{"taxonomy":"category","embeddable":true,"href":"https:\/\/radisici.ba\/index.php?rest_route=%2Fwp%2Fv2%2Fcategories&post=464"},{"taxonomy":"post_tag","embeddable":true,"href":"https:\/\/radisici.ba\/index.php?rest_route=%2Fwp%2Fv2%2Ftags&post=464"}],"curies":[{"name":"wp","href":"https:\/\/api.w.org\/{rel}","templated":true}]}}