{"id":461,"date":"2024-02-21T20:53:13","date_gmt":"2024-02-21T19:53:13","guid":{"rendered":"https:\/\/radisici.ba\/?p=461"},"modified":"2024-02-21T20:53:13","modified_gmt":"2024-02-21T19:53:13","slug":"djecji-vrtic-ljubuski-proslavio-48-rodendan","status":"publish","type":"post","link":"https:\/\/radisici.ba\/?p=461","title":{"rendered":"DJE\u010cJI VRTI\u0106 LJUBU\u0160KI PROSLAVIO 48. RO\u0110ENDAN"},"content":{"rendered":"<p>U Dje\u010djem vrti\u0107u Ljubu\u0161ki danas je sve bilo u slavljeni\u010dkom tonu. Odgajatelji i djeca priredili su zanimljivu predstavu, izlo\u017ebu dje\u010djih radova i prigodan domjenak, te su na taj na\u010din obilje\u017eili 48. ro\u0111endan vrti\u0107a. Za najmla\u0111e je ovo bio poseban do\u017eivljaj, stoga veselja i pjesme nije nedostajalo, kao ni ro\u0111endanske torte koju je vrti\u0107anima darovao gradona\u010delnik Vedran Markoti\u0107.<\/p>\n<p>Kad \u017eeli\u0161 po\u017eeljeti sretan ro\u0111endan nekom tko ti je drag, \u017eeli\u0161 da to bude na druk\u010diji na\u010din i nekim posebnim rije\u010dima, obi\u010dno se zamisli\u0161 i ostane\u0161 bez inspiracije, ali kad se radi o Ljubu\u0161kom i na\u0161em vrti\u0107u, onda se rije\u010di same pi\u0161u. Na\u0161a djeca i odgajateljice su kroz prigodnu sve\u010danost proslave ro\u0111endana otkrile koga sve voli najvi\u0161e na svijetu, objasnili za\u0161to vole svoj grad i otpjevavali pjesme u \u010dast na\u0161emu gradu i tako na svoj na\u010din \u010destitali ro\u0111endan.<\/p>\n<p>Program je nastavljen na igrali\u0161tu gdje je pripremljen prigodni domjenak.<br \/>\nZahvaljujem djeci, roditeljima, bakama i djedovima, a posebno odgojiteljicama koje su osmislile program i marljivo radile s djecom, \u0161to je rezultiralo ovakvom proslavom u \u010dast ro\u0111endana na\u0161eg vrti\u0107a.<\/p>\n<p>Koristimo ovu priliku da i na\u0161em osniva\u010du Gradu Ljubu\u0161kom \u010destitamo ro\u0111endan Grada i zahvalim gradona\u010delniku Markoti\u0107u jer oslu\u0161kuje potrebe i ideje Dje\u010djeg vrti\u0107a Ljubu\u0161ki, i financijski ih podupire. Na ovaj na\u010din kroz jaku suradnju u\u010di nas da razvijamo partnerske odnose. Zahvaljuju\u0107i tome, zajedni\u010dki mo\u017eemo planirati sve budu\u0107e korake, kroz koje \u0107emo kvalitetno i stru\u010dno jo\u0161 vi\u0161e obogatiti \u017eivot na\u0161e djece koja postaju budu\u0107nost Ljubu\u0161kog.<\/p>\n<p>Dodajmo i to kako je Dje\u010dji vrti\u0107 Ljubu\u0161ki osnovan 1976. godine u sklopu Centra za socijalni rad, a bio je za te prilike suvremeno opremljen i potpuno je zadovoljavao nesmetano odvijanje pred\u0161kolskog odgoja. Prva odgajateljica bila je Anka Zeli\u0107, a s njom je u poslijepodnevnoj smjeni brigu o djeci vodila medicinska sestra Iva \u0160unji\u0107. Sljede\u0107e godine osnovana je druga skupina koju su vodile odgajateljice Zdravka Tomi\u0107 i Mediha Konjhod\u017ei\u0107.<br \/>\n<iframe loading=\"lazy\" style=\"border: none; overflow: hidden;\" src=\"https:\/\/www.facebook.com\/plugins\/post.php?href=https%3A%2F%2Fwww.facebook.com%2Fpermalink.php%3Fstory_fbid%3Dpfbid02SgArK5tb8PLpc6vKuv7qaZhGKfAVcVuW1jbP56wZjozNqWNMoYo5oB3t6okUcTpxl%26id%3D100070948595664&amp;show_text=true&amp;width=500\" width=\"500\" height=\"792\" frameborder=\"0\" scrolling=\"no\" allowfullscreen=\"allowfullscreen\"><\/iframe><\/p>\n","protected":false},"excerpt":{"rendered":"<p>U Dje\u010djem vrti\u0107u Ljubu\u0161ki danas je sve bilo u slavljeni\u010dkom tonu. Odgajatelji i djeca priredili su zanimljivu predstavu, izlo\u017ebu dje\u010djih<\/p>\n","protected":false},"author":2,"featured_media":462,"comment_status":"closed","ping_status":"closed","sticky":false,"template":"","format":"standard","meta":{"footnotes":""},"categories":[4],"tags":[],"class_list":["post-461","post","type-post","status-publish","format-standard","has-post-thumbnail","hentry","category-vijesti"],"_links":{"self":[{"href":"https:\/\/radisici.ba\/index.php?rest_route=\/wp\/v2\/posts\/461","targetHints":{"allow":["GET"]}}],"collection":[{"href":"https:\/\/radisici.ba\/index.php?rest_route=\/wp\/v2\/posts"}],"about":[{"href":"https:\/\/radisici.ba\/index.php?rest_route=\/wp\/v2\/types\/post"}],"author":[{"embeddable":true,"href":"https:\/\/radisici.ba\/index.php?rest_route=\/wp\/v2\/users\/2"}],"replies":[{"embeddable":true,"href":"https:\/\/radisici.ba\/index.php?rest_route=%2Fwp%2Fv2%2Fcomments&post=461"}],"version-history":[{"count":1,"href":"https:\/\/radisici.ba\/index.php?rest_route=\/wp\/v2\/posts\/461\/revisions"}],"predecessor-version":[{"id":463,"href":"https:\/\/radisici.ba\/index.php?rest_route=\/wp\/v2\/posts\/461\/revisions\/463"}],"wp:featuredmedia":[{"embeddable":true,"href":"https:\/\/radisici.ba\/index.php?rest_route=\/wp\/v2\/media\/462"}],"wp:attachment":[{"href":"https:\/\/radisici.ba\/index.php?rest_route=%2Fwp%2Fv2%2Fmedia&parent=461"}],"wp:term":[{"taxonomy":"category","embeddable":true,"href":"https:\/\/radisici.ba\/index.php?rest_route=%2Fwp%2Fv2%2Fcategories&post=461"},{"taxonomy":"post_tag","embeddable":true,"href":"https:\/\/radisici.ba\/index.php?rest_route=%2Fwp%2Fv2%2Ftags&post=461"}],"curies":[{"name":"wp","href":"https:\/\/api.w.org\/{rel}","templated":true}]}}