{"id":454,"date":"2024-02-21T20:28:29","date_gmt":"2024-02-21T19:28:29","guid":{"rendered":"https:\/\/radisici.ba\/?p=454"},"modified":"2024-02-22T20:33:51","modified_gmt":"2024-02-22T19:33:51","slug":"petra-primorac-spoj-strasti-i-predanosti-u-sestrinskom-pozivu","status":"publish","type":"post","link":"https:\/\/radisici.ba\/?p=454","title":{"rendered":"Petra Primorac: Spoj strasti i predanosti u sestrinskom pozivu"},"content":{"rendered":"<p>Petra Primorac je mlada sestra koja svojim primjerom isti\u010de va\u017enost spoja strasti i predanosti u sestrinskom pozivu. Njezino iskustvo rada u bolnici prepli\u0107e se s njezinim obrazovanjem na fakultetu, stvaraju\u0107i \u010dvrstu osnovu za njezin profesionalni i osobni razvoj.<\/p>\n<div class=\"google-auto-placed ap_container\">\n<div id=\"aswift_4_host\" tabindex=\"0\" title=\"Advertisement\" aria-label=\"Advertisement\"><\/div>\n<p>&nbsp;<\/p>\n<\/div>\n<p>Kroz svoje radno iskustvo, Petra neprestano raste i razvija svoje kompetencije. Izravan kontakt s pacijentima poti\u010de je na kontinuirano u\u010denje i stjecanje novih vje\u0161tina. Njezina empatija i suosje\u0107ajnost \u010dine je osjetljivom na individualne potrebe svakog pacijenta, pru\u017eaju\u0107i im potrebnu njegu s pa\u017enjom i po\u0161tovanjem. \u201cU sestrinstvu sam prona\u0161la svoju strast i svakodnevno me motivira mogu\u0107nost da pomognem drugima. Rad u bolnici mi donosi neprocjenjivo iskustvo i svaki dan me podsje\u0107a na va\u017enost empatije i brige za svakog pacijenta. Moje obrazovanje na fakultetu dodatno mi otvara vrata novim saznanjima i vje\u0161tinama koje mogu primijeniti u praksi. Uspjeh za mene zna\u010di biti tu za pacijente u njihovim najte\u017eim trenucima i nastojati im olak\u0161ati put prema ozdravljenju\u201d, rekla je Petra.<\/p>\n<p>Njezina svakodnevna rutina balansiranja izme\u0111u studija i rada zahtijeva izvanrednu organizaciju i predanost. Unato\u010d izazovima koje donosi svaki dan, Petra odr\u017eava pozitivan stav i motivaciju. Vjeruje da je upornost klju\u010dna za uspjeh te se svjesno trudi iznova i iznova, uvijek ustrajna u postizanju svojih ciljeva.<\/p>\n<p>Kroz svoje istra\u017eiva\u010dke projekte na fakultetu, Petra dodatno produbljuje svoje znanje i vje\u0161tine, \u0161to joj omogu\u0107ava da u bolnici efikasno primijeni teorijske koncepte u praksi. Njezin doprinos u istra\u017eivanju podru\u010dja pru\u017eanja prve pomo\u0107i i reanimacije direktno utje\u010de na njezinu sposobnost brze i sigurne reakcije u hitnim situacijama.<\/p>\n<p>\u201eSvojim radom u bolnici svakodnevno u\u010dim nove lekcije o empatiji, brizi i odgovornosti. Svaki dan me podsje\u0107a na va\u017enost pristupa svakom pacijentu s po\u0161tovanjem i pa\u017enjom. Sestrinstvo mi pru\u017ea priliku da budem dio ne\u010deg ve\u0107eg, da utje\u010dem na \u017eivote ljudi i donosim pozitivne promjene\u201c, kazala je Petra.<\/p>\n<p>Petra se isti\u010de kao uzor budu\u0107im generacijama studenata sestara. Njezina strast prema sestrinstvu nadahnjuje druge da istra\u017ee vlastitu ljubav prema ovoj struci. Njezina poruka je jasna: s predano\u0161\u0107u i stra\u0161\u0107u, sve je mogu\u0107e.<\/p>\n<p>Petra Primorac je mlada sestra koja svojim primjerom isti\u010de va\u017enost spoja strasti i predanosti u sestrinskom pozivu. Njezino iskustvo rada u bolnici prepli\u0107e se s njezinim obrazovanjem na fakultetu, stvaraju\u0107i \u010dvrstu osnovu za njezin profesionalni i osobni razvoj.<\/p>\n<p>&nbsp;<\/p>\n<p style=\"text-align: center;\"><a href=\"https:\/\/radisici.ba\/wp-content\/uploads\/2024\/02\/WhatsApp-Slika-2024-02-07-u-12_1708512277_91.jpg\" rel=\"wpdevart_lightbox\"><img loading=\"lazy\" decoding=\"async\" class=\"aligncenter size-full wp-image-456\" src=\"https:\/\/radisici.ba\/wp-content\/uploads\/2024\/02\/WhatsApp-Slika-2024-02-07-u-12_1708512277_91.jpg\" alt=\"\" width=\"1200\" height=\"1600\" srcset=\"https:\/\/radisici.ba\/wp-content\/uploads\/2024\/02\/WhatsApp-Slika-2024-02-07-u-12_1708512277_91.jpg 1200w, https:\/\/radisici.ba\/wp-content\/uploads\/2024\/02\/WhatsApp-Slika-2024-02-07-u-12_1708512277_91-225x300.jpg 225w, https:\/\/radisici.ba\/wp-content\/uploads\/2024\/02\/WhatsApp-Slika-2024-02-07-u-12_1708512277_91-768x1024.jpg 768w, https:\/\/radisici.ba\/wp-content\/uploads\/2024\/02\/WhatsApp-Slika-2024-02-07-u-12_1708512277_91-1152x1536.jpg 1152w\" sizes=\"auto, (max-width: 1200px) 100vw, 1200px\" \/><\/a><\/p>\n<p>&nbsp;<\/p>\n<p class=\"entry-title post-title\" style=\"text-align: right;\"><span class=\"title-sub\">Autor: SUMsova<\/span><\/p>\n","protected":false},"excerpt":{"rendered":"<p>Petra Primorac je mlada sestra koja svojim primjerom isti\u010de va\u017enost spoja strasti i predanosti u sestrinskom pozivu. Njezino iskustvo rada<\/p>\n","protected":false},"author":2,"featured_media":455,"comment_status":"closed","ping_status":"closed","sticky":false,"template":"","format":"standard","meta":{"footnotes":""},"categories":[5],"tags":[],"class_list":["post-454","post","type-post","status-publish","format-standard","has-post-thumbnail","hentry","category-radisici"],"_links":{"self":[{"href":"https:\/\/radisici.ba\/index.php?rest_route=\/wp\/v2\/posts\/454","targetHints":{"allow":["GET"]}}],"collection":[{"href":"https:\/\/radisici.ba\/index.php?rest_route=\/wp\/v2\/posts"}],"about":[{"href":"https:\/\/radisici.ba\/index.php?rest_route=\/wp\/v2\/types\/post"}],"author":[{"embeddable":true,"href":"https:\/\/radisici.ba\/index.php?rest_route=\/wp\/v2\/users\/2"}],"replies":[{"embeddable":true,"href":"https:\/\/radisici.ba\/index.php?rest_route=%2Fwp%2Fv2%2Fcomments&post=454"}],"version-history":[{"count":3,"href":"https:\/\/radisici.ba\/index.php?rest_route=\/wp\/v2\/posts\/454\/revisions"}],"predecessor-version":[{"id":475,"href":"https:\/\/radisici.ba\/index.php?rest_route=\/wp\/v2\/posts\/454\/revisions\/475"}],"wp:featuredmedia":[{"embeddable":true,"href":"https:\/\/radisici.ba\/index.php?rest_route=\/wp\/v2\/media\/455"}],"wp:attachment":[{"href":"https:\/\/radisici.ba\/index.php?rest_route=%2Fwp%2Fv2%2Fmedia&parent=454"}],"wp:term":[{"taxonomy":"category","embeddable":true,"href":"https:\/\/radisici.ba\/index.php?rest_route=%2Fwp%2Fv2%2Fcategories&post=454"},{"taxonomy":"post_tag","embeddable":true,"href":"https:\/\/radisici.ba\/index.php?rest_route=%2Fwp%2Fv2%2Ftags&post=454"}],"curies":[{"name":"wp","href":"https:\/\/api.w.org\/{rel}","templated":true}]}}