{"id":45,"date":"2024-01-07T15:39:44","date_gmt":"2024-01-07T14:39:44","guid":{"rendered":"https:\/\/radisici.ba\/?p=45"},"modified":"2024-01-09T22:56:50","modified_gmt":"2024-01-09T21:56:50","slug":"sport-test","status":"publish","type":"post","link":"https:\/\/radisici.ba\/?p=45","title":{"rendered":"Problemi za Hrvatsku: Dvojica Ljubu\u0161aka ne idu na Europsko prvenstvo"},"content":{"rendered":"\r\n<p style=\"text-align: justify;\"><strong>Goran Perkovac <\/strong>morao je posegnuti za igra\u010dima sa \u0161ireg popisa nakon \u0161to su otpala dvojica igra\u010da koji su trebali biti me\u0111u putnicima na Europsko prvenstvo u Njema\u010dkoj. Pehovi nastavljaju pratiti\u00a0<strong>Davida Mandi\u0107a<\/strong>\u00a0koji \u0107e propustiti i ovo Europsko prvenstvo, a ovaj put ima problema s vratom te ne mo\u017ee trenirati i nastupati.<\/p>\r\n<p style=\"text-align: justify;\"><strong><img loading=\"lazy\" decoding=\"async\" class=\"aligncenter wp-image-68 size-full\" src=\"https:\/\/radisici.ba\/wp-content\/uploads\/2024\/01\/David-Mandic-1-e1580057640392.jpg\" alt=\"\" width=\"1000\" height=\"562\" srcset=\"https:\/\/radisici.ba\/wp-content\/uploads\/2024\/01\/David-Mandic-1-e1580057640392.jpg 1000w, https:\/\/radisici.ba\/wp-content\/uploads\/2024\/01\/David-Mandic-1-e1580057640392-300x169.jpg 300w, https:\/\/radisici.ba\/wp-content\/uploads\/2024\/01\/David-Mandic-1-e1580057640392-768x432.jpg 768w\" sizes=\"auto, (max-width: 1000px) 100vw, 1000px\" \/><\/strong><\/p>\r\n<p style=\"text-align: justify;\"><strong>\u00a0<\/strong><\/p>\r\n<p style=\"text-align: justify;\">Na njegovoj poziciji<strong>\u00a0Perkovac<\/strong>\u00a0u kadru ima\u00a0<strong>Marina Jelini\u0107a<\/strong>\u00a0i<strong>\u00a0Lovru Mihi\u0107a\u00a0<\/strong>te nije bilo potrebe za aktiviranjem nekog drugog na poziciji lijevog krila. Problem je i s <strong>Josipom \u0160arcem\u00a0<\/strong>koji je osjetio koljeno i o\u010dekuje ga pauza, a Perkovac je odlu\u010dio pozvati\u00a0<strong>Marka Mami\u0107a<\/strong> koji je preba\u010den na pri\u010duvni popis nakon drugog kruga priprema. Vrlo je upitan nastup\u00a0<strong>Dominika Kuzmanovi\u0107a<\/strong>\u00a0te je uz\u00a0<strong>Mateja Mandi\u0107a\u00a0<\/strong>i\u00a0<strong>Filipa Ivi\u0107a<\/strong>\u00a0u Pore\u010d pozvan i\u00a0<strong>Kristian Pilipovi\u0107<\/strong>. Ina\u010de, i Slovencima je ju\u010der otpao\u00a0<strong>Rok Ovni\u010dek<\/strong> koji se ozlijedio tijekom dvoboja protiv Crne Gore, a danas Hrvatska od 17 sati igra upravo protiv Slovenije. Bit \u0107e to prilika za novo isprobavanje i uigravanje, s nadom kako ne\u0107e do\u0107i do novih nepredvi\u0111enih situacija.<\/p>\r\n<p style=\"text-align: justify;\">\u00a0<\/p>\r\n","protected":false},"excerpt":{"rendered":"<p>Goran Perkovac morao je posegnuti za igra\u010dima sa \u0161ireg popisa nakon \u0161to su otpala dvojica igra\u010da koji su trebali biti<\/p>\n","protected":false},"author":2,"featured_media":69,"comment_status":"closed","ping_status":"closed","sticky":false,"template":"","format":"standard","meta":{"footnotes":""},"categories":[1],"tags":[],"class_list":["post-45","post","type-post","status-publish","format-standard","has-post-thumbnail","hentry","category-sport"],"_links":{"self":[{"href":"https:\/\/radisici.ba\/index.php?rest_route=\/wp\/v2\/posts\/45","targetHints":{"allow":["GET"]}}],"collection":[{"href":"https:\/\/radisici.ba\/index.php?rest_route=\/wp\/v2\/posts"}],"about":[{"href":"https:\/\/radisici.ba\/index.php?rest_route=\/wp\/v2\/types\/post"}],"author":[{"embeddable":true,"href":"https:\/\/radisici.ba\/index.php?rest_route=\/wp\/v2\/users\/2"}],"replies":[{"embeddable":true,"href":"https:\/\/radisici.ba\/index.php?rest_route=%2Fwp%2Fv2%2Fcomments&post=45"}],"version-history":[{"count":4,"href":"https:\/\/radisici.ba\/index.php?rest_route=\/wp\/v2\/posts\/45\/revisions"}],"predecessor-version":[{"id":155,"href":"https:\/\/radisici.ba\/index.php?rest_route=\/wp\/v2\/posts\/45\/revisions\/155"}],"wp:featuredmedia":[{"embeddable":true,"href":"https:\/\/radisici.ba\/index.php?rest_route=\/wp\/v2\/media\/69"}],"wp:attachment":[{"href":"https:\/\/radisici.ba\/index.php?rest_route=%2Fwp%2Fv2%2Fmedia&parent=45"}],"wp:term":[{"taxonomy":"category","embeddable":true,"href":"https:\/\/radisici.ba\/index.php?rest_route=%2Fwp%2Fv2%2Fcategories&post=45"},{"taxonomy":"post_tag","embeddable":true,"href":"https:\/\/radisici.ba\/index.php?rest_route=%2Fwp%2Fv2%2Ftags&post=45"}],"curies":[{"name":"wp","href":"https:\/\/api.w.org\/{rel}","templated":true}]}}