{"id":423,"date":"2024-02-10T19:53:28","date_gmt":"2024-02-10T18:53:28","guid":{"rendered":"https:\/\/radisici.ba\/?p=423"},"modified":"2024-02-10T19:53:28","modified_gmt":"2024-02-10T18:53:28","slug":"u-nedjelju-svecano-obiljezavanje-dana-branitelja-i-misa-za-sve-zrtve-ratova","status":"publish","type":"post","link":"https:\/\/radisici.ba\/?p=423","title":{"rendered":"U nedjelju sve\u010dano obilje\u017eavanje Dana branitelja i misa za sve \u017ertve ratova"},"content":{"rendered":"<p>Pozivamo Vas na obilje\u017eavanje Dana hrvatskih branitelja Grada Ljubu\u0161kog koji \u0107e se odr\u017eati u sklopu programa sve\u010danog obilje\u017eavanja Dana Grada Ljubu\u0161kog u nedjelju 11. velja\u010de 2024. godine s po\u010detkom u 16 sati molitvom, paljenjem svije\u0107a i polaganjem vijenca kod spomenika na Trgu dr. Franje Tu\u0111mana.<\/p>\n<p>Nakon toga u Kulturnom centru u 16:15 sati bit \u0107e prikazana projekcija dugometra\u017enog dokumentarnog filma Zidine o logorima za Hrvate BIH u Domovinskom ratu. Dokumentarni film \u201cZidine\u201d govori o logorima za Hrvate u Domovinskom ratu za koji scenarij potpisuje prof. dr. sc. Ivo \u010colak, a re\u017eiju Ivo \u010colak i Marko Mikuli\u0107, pod produkcijom: SIMBOL, \u0160iroki Brijeg za Hrvatsku udrugu logora\u0161a Domovinskog rata u BiH.<\/p>\n<p>U 18 sati slijedi sveta misa u crkvi svetog Ante na Humcu za sve ubijene fratre, \u017ertve ratova i pora\u0107a, branitelje i civilne \u017ertve Domovinskog rata.<\/p>\n<p>&nbsp;<\/p>\n<p class=\"entry-title post-title\" style=\"text-align: right;\"><span class=\"title-sub\">Autor: Ljubu\u0161ki portal<\/span><\/p>\n","protected":false},"excerpt":{"rendered":"<p>Pozivamo Vas na obilje\u017eavanje Dana hrvatskih branitelja Grada Ljubu\u0161kog koji \u0107e se odr\u017eati u sklopu programa sve\u010danog obilje\u017eavanja Dana Grada<\/p>\n","protected":false},"author":2,"featured_media":424,"comment_status":"closed","ping_status":"closed","sticky":false,"template":"","format":"standard","meta":{"footnotes":""},"categories":[4],"tags":[],"class_list":["post-423","post","type-post","status-publish","format-standard","has-post-thumbnail","hentry","category-vijesti"],"_links":{"self":[{"href":"https:\/\/radisici.ba\/index.php?rest_route=\/wp\/v2\/posts\/423","targetHints":{"allow":["GET"]}}],"collection":[{"href":"https:\/\/radisici.ba\/index.php?rest_route=\/wp\/v2\/posts"}],"about":[{"href":"https:\/\/radisici.ba\/index.php?rest_route=\/wp\/v2\/types\/post"}],"author":[{"embeddable":true,"href":"https:\/\/radisici.ba\/index.php?rest_route=\/wp\/v2\/users\/2"}],"replies":[{"embeddable":true,"href":"https:\/\/radisici.ba\/index.php?rest_route=%2Fwp%2Fv2%2Fcomments&post=423"}],"version-history":[{"count":1,"href":"https:\/\/radisici.ba\/index.php?rest_route=\/wp\/v2\/posts\/423\/revisions"}],"predecessor-version":[{"id":425,"href":"https:\/\/radisici.ba\/index.php?rest_route=\/wp\/v2\/posts\/423\/revisions\/425"}],"wp:featuredmedia":[{"embeddable":true,"href":"https:\/\/radisici.ba\/index.php?rest_route=\/wp\/v2\/media\/424"}],"wp:attachment":[{"href":"https:\/\/radisici.ba\/index.php?rest_route=%2Fwp%2Fv2%2Fmedia&parent=423"}],"wp:term":[{"taxonomy":"category","embeddable":true,"href":"https:\/\/radisici.ba\/index.php?rest_route=%2Fwp%2Fv2%2Fcategories&post=423"},{"taxonomy":"post_tag","embeddable":true,"href":"https:\/\/radisici.ba\/index.php?rest_route=%2Fwp%2Fv2%2Ftags&post=423"}],"curies":[{"name":"wp","href":"https:\/\/api.w.org\/{rel}","templated":true}]}}