{"id":421,"date":"2024-02-09T18:56:29","date_gmt":"2024-02-09T17:56:29","guid":{"rendered":"https:\/\/radisici.ba\/?p=421"},"modified":"2024-02-09T18:56:29","modified_gmt":"2024-02-09T17:56:29","slug":"slucaj-prijetnji-u-ljubuskom-roditelji-ucenika-iznijeli-svoju-stranu-price","status":"publish","type":"post","link":"https:\/\/radisici.ba\/?p=421","title":{"rendered":"Slu\u010daj prijetnji u Ljubu\u0161kom: Roditelji u\u010denika iznijeli svoju stranu pri\u010de"},"content":{"rendered":"<p>\u201dAko je na\u0161e dijete krivo, neka odgovara. Ne bje\u017eimo od istine\u201d, govore za Bljesak.info roditelji dje\u010daka koji je navodno uputio prijetnje u\u010denicima i osoblju Srednje strukovne \u0161kole Ru\u0111era Bo\u0161kovi\u0107a u Ljubu\u0161kom.<\/p>\n<p>Ono \u0161to im smeta su, kako navode, dvostruka mjerila i sustav koji u ovom slu\u010daju ne samo da je reagirao na neprimjeren na\u010din, nego je informacijama \u2018rekla-kazala\u2019, stigmatizirao u\u010denika i onemogu\u0107io mu \u2018normalan\u2019 nastavak \u0161kolovanja.<\/p>\n<p>O cijelom slu\u010daju su saznali u utorak, 6. velja\u010de, nave\u010der kada su na njihova vrata pokucali pripadnici Ministarstva unutarnjih poslova \u017dupanije Zapadnohercegova\u010dke i obavijestili ih da se njihov sin sumnji\u010di za upu\u0107ivanje prijetnji u\u010denicima i osoblju \u0161kole koju poha\u0111a.<\/p>\n<p><em>Nismo bje\u017eali od odgovornosti. Dali smo im odmah na uvid<strong>\u00a0osobni mobitel na\u0161eg sina<\/strong>\u00a0i pozvali ih ako \u017eele<strong>\u00a0pretra\u017eiti na\u0161u ku\u0107u<\/strong>\u00a0u kojoj nemamo ni\u0161ta sporno<\/em>, govore roditelji i obja\u0161njavaju kako njihov sin taj dan nije bio niti u \u0161koli, niti u gradu Ljubu\u0161kom.<\/p>\n<div class=\"google-auto-placed ap_container\"><ins class=\"adsbygoogle adsbygoogle-noablate\" data-ad-format=\"auto\" data-ad-client=\"ca-pub-0546875053419353\" data-adsbygoogle-status=\"done\" data-ad-status=\"unfilled\"><\/p>\n<div id=\"aswift_4_host\" tabindex=\"0\" title=\"Advertisement\" aria-label=\"Advertisement\"><iframe loading=\"lazy\" id=\"aswift_4\" src=\"https:\/\/googleads.g.doubleclick.net\/pagead\/ads?gdpr=0&amp;client=ca-pub-0546875053419353&amp;output=html&amp;h=280&amp;adk=27666855&amp;adf=2275828053&amp;pi=t.aa~a.451835880~i.13~rp.4&amp;w=500&amp;fwrn=4&amp;fwrnh=100&amp;lmt=1707501073&amp;num_ads=1&amp;rafmt=1&amp;armr=3&amp;sem=mc&amp;pwprc=9638013102&amp;ad_type=text_image&amp;format=500x280&amp;url=https%3A%2F%2Fwww.ljportal.com%2Fslucaj-prijetnji-u-ljubuskom-roditelji-ucenika-iznijeli-svoju-stranu-price-80518%2F%3Ffbclid%3DIwAR34Iqz29nZHvS0lDGniQ06AF4_7FUMKZOPzPmMFxXExmE3AZXtTC34Yk5w&amp;host=ca-host-pub-2644536267352236&amp;fwr=0&amp;pra=3&amp;rh=125&amp;rw=500&amp;rpe=1&amp;resp_fmts=3&amp;wgl=1&amp;fa=27&amp;dt=1707501297420&amp;bpp=5&amp;bdt=16247&amp;idt=6&amp;shv=r20240207&amp;mjsv=m202402050101&amp;ptt=9&amp;saldr=aa&amp;abxe=1&amp;cookie=ID%3D37e7fed8e4b780cf%3AT%3D1697902674%3ART%3D1707501080%3AS%3DALNI_MZSJz5t8ICKMsyeV5QcQEp2Zd84Vg&amp;gpic=UID%3D00000c9eb8dd3299%3AT%3D1697902674%3ART%3D1707501080%3AS%3DALNI_MZWvKOvh11Q3RRMoyqEStEPve8Oeg&amp;eo_id_str=ID%3D44ca2123c04a0e54%3AT%3D1706208142%3ART%3D1707501080%3AS%3DAA-AfjZlGOaH3tiaFSZ-puBT-bDg&amp;prev_fmts=0x0%2C1200x280%2C550x280&amp;nras=3&amp;correlator=2807119368142&amp;frm=20&amp;pv=1&amp;ga_vid=922858591.1697902674&amp;ga_sid=1707501297&amp;ga_hid=1514064322&amp;ga_fc=1&amp;u_tz=60&amp;u_his=1&amp;u_h=864&amp;u_w=1536&amp;u_ah=824&amp;u_aw=1536&amp;u_cd=24&amp;u_sd=1.25&amp;adx=460&amp;ady=1744&amp;biw=1519&amp;bih=684&amp;scr_x=0&amp;scr_y=0&amp;eid=44759876%2C44759927%2C44759837%2C44808397%2C31080780%2C31080794%2C31080947%2C95322434%2C31080933%2C95324154%2C95324160%2C95324266&amp;oid=2&amp;pvsid=498486975847807&amp;tmod=420134504&amp;nvt=1&amp;ref=https%3A%2F%2Fl.facebook.com%2F&amp;fc=1408&amp;brdim=-7%2C-7%2C-7%2C-7%2C1536%2C0%2C1550%2C838%2C1536%2C684&amp;vis=1&amp;rsz=%7C%7Cs%7C&amp;abl=NS&amp;fu=128&amp;bc=31&amp;bz=1.01&amp;ifi=5&amp;uci=a!5&amp;btvi=2&amp;fsb=1&amp;dtd=18395\" name=\"aswift_4\" width=\"500\" height=\"0\" frameborder=\"0\" marginwidth=\"0\" marginheight=\"0\" scrolling=\"no\" sandbox=\"allow-forms allow-popups allow-popups-to-escape-sandbox allow-same-origin allow-scripts allow-top-navigation-by-user-activation\" data-google-container-id=\"a!5\" data-load-complete=\"true\" data-google-query-id=\"CJ3guIrqnoQDFcXFTAIdFeACDw\" data-mce-fragment=\"1\"><\/iframe><\/div>\n<p><\/ins><\/div>\n<p>Navode kako je sve krenulo mnogo ranije, tvrde\u0107i da je od po\u010detka \u0161kolovanja\u00a0<strong>njihov sin \u017ertva vr\u0161nja\u010dkog nasilja<\/strong>. O svemu su, navode, i ranije obavje\u0161tavali \u0161kolu.<\/p>\n<p><em>Odmah po po\u010detku ove \u0161kolske godine, kako se na\u0161 sin iz\u00a0<strong>Vitine<\/strong>, gdje \u017eivimo, upisao u prvi razred Srednje \u0161kole u Ljubu\u0161kom, krenulo je sa\u00a0<strong>zadirkivanjem<\/strong>\u00a0da bi to kasnije preraslo i u\u00a0<strong>fizi\u010dko nasilje<\/strong>. Grupica od pet, \u0161est njegovih vr\u0161njaka krenula je, iz nama nepoznatog razloga,\u00a0<strong>maltretirati na\u0161eg sina<\/strong>.<\/em><\/p>\n<p><em>U samom po\u010detku nismo znali za ovo, primijetili smo da se ne\u0161to doga\u0111a, no nismo mogli zamisliti da je to u ovim razmjerima. Nakon \u0161to smo dobili obavijest iz \u0161kole o ve\u0107em broju neopravdanih sati, primijetiv\u0161i i sami da se\u00a0<strong>ne\u0161to neobi\u010dno doga\u0111a s njim<\/strong>, razgovarali smo sa sinom koji nam je tek tada otkrio koji su razlozi njegovih sve u\u010destalijih neodlazaka u \u0161kolu<\/em>, govore roditelji t na uvid novinarima Bljeska daju neke od<strong>\u00a0prijete\u0107ih glasovnih poruka<\/strong>\u00a0koje je njihov sin primio od svojih vr\u0161njaka.<\/p>\n<h4>Ravnateljica bez komentara<\/h4>\n<p>Dolazilo je, kako govore,\u00a0<strong>od psihi\u010dkog maltretiranja do fizi\u010dkog napada<\/strong>, a kao jedan od posljednjih navode onaj kada je ta ista grupa dje\u010daka njihovog sina\u00a0<strong>pretukla u dvorani\u00a0<\/strong>za tjelesni odgoj.<\/p>\n<p><em>I o ranijim napadima smo interno obavje\u0161tavali \u0161kolu, kao i o ovom posljednjem kada su na\u0161eg sina pretukli, \u010demu je svjedo\u010dilo i nekoliko u\u010denika. Tako\u0111er, ti isti u\u010denici koji maltretiraju na\u0161eg sina, \u010desto su vi\u0111eni i kako\u00a0<strong>nose pendreke<\/strong>\u00a0po \u0161kolskim hodnicima, o \u010demu se nikada nije reagiralo. Nakon svega, dobili smo informaciju kako \u0107e biti odr\u017eano nekoliko informativnih razgovora i sve bi u kona\u010dnici zavr\u0161ilo na tome<\/em>, govore i dodaju kako ih je upravo zbog tog sustavnog zanemarivanja iznenadilo kako su sada reagirali tako brzo i istovremeno njihovog sina odredili kao nekakvog nasilnika.<\/p>\n<p>Posjetili su novinari i\u00a0<strong>ravnateljicu<\/strong>\u00a0Srednje strukovne \u0161kole u Ljubu\u0161kom Milu Primorac koja je kratko navela kako\u00a0<strong>ne \u017eeli komentirati<\/strong>\u00a0cijeli slu\u010daj dok je u postupku. Potvrdila je da se radi o njihovom u\u010deniku, te da \u0107e o cijelom slu\u010daju dati komentar \u201dkada za to bude vrijeme\u201d.<\/p>\n<h4>Tu\u017eiteljstvo saznalo iz medija<\/h4>\n<p>Iz Tu\u017eiteljstva ove \u017eupanije, koje je i samo za cijeli slu\u010daj saznalo iz medija, dobili su informaciju kako iz ove odgojne institucije\u00a0<strong>nije zabilje\u017eeno prijavljivanje slu\u010daja vr\u0161nja\u010dkog nasilja<\/strong>\u00a0vezano za ovog dje\u010daka \u0161to je \u0161kola, ako se ono dogodilo, zakonom du\u017ena prijaviti.<\/p>\n<p><em>Zakonom o kaznenom postupku Federacije BiH propisano je da zdravstveni djelatnici, nastavnici, odgajatelji, roditelji, skrbnici, posvojitelji i druge osobe ovla\u0161tene ili du\u017ene pru\u017eati za\u0161titu i pomo\u0107 maloljetnim osobama, nadzirati ih i odgajati, a koji saznaju ili ocijene da postoji sumnja da je maloljetna osoba \u017ertva spolnog, tjelesnog ili kojeg drugog zlostavljanja, du\u017ene su o toj sumnji odmah obavijestiti ovla\u0161tenu slu\u017ebenu osobu ili tu\u017eitelja. Tako\u0111er isti Zakon propisuje da gra\u0111anin ima pravo prijaviti po\u010dinjenje kaznenog djela<\/em>, naveli su za Bljesak.info i dodali kako provjerom u sustavu slu\u017ebene evidencije Tu\u017eiteljstva\u00a0<strong>nemaju formiran predmet<\/strong>\u00a0po prijavi o po\u010dinjenom nasilju prema ovoj malodobnoj osobi.<\/p>\n<div class=\"google-auto-placed ap_container\"><ins class=\"adsbygoogle adsbygoogle-noablate\" data-ad-format=\"auto\" data-ad-client=\"ca-pub-0546875053419353\" data-adsbygoogle-status=\"done\" data-ad-status=\"unfilled\"><\/p>\n<div id=\"aswift_5_host\" tabindex=\"0\" title=\"Advertisement\" aria-label=\"Advertisement\"><iframe loading=\"lazy\" id=\"aswift_5\" src=\"https:\/\/googleads.g.doubleclick.net\/pagead\/ads?gdpr=0&amp;client=ca-pub-0546875053419353&amp;output=html&amp;h=280&amp;adk=27666855&amp;adf=3321280091&amp;pi=t.aa~a.451835880~i.33~rp.4&amp;w=500&amp;fwrn=4&amp;fwrnh=100&amp;lmt=1707501073&amp;num_ads=1&amp;rafmt=1&amp;armr=3&amp;sem=mc&amp;pwprc=9638013102&amp;ad_type=text_image&amp;format=500x280&amp;url=https%3A%2F%2Fwww.ljportal.com%2Fslucaj-prijetnji-u-ljubuskom-roditelji-ucenika-iznijeli-svoju-stranu-price-80518%2F%3Ffbclid%3DIwAR34Iqz29nZHvS0lDGniQ06AF4_7FUMKZOPzPmMFxXExmE3AZXtTC34Yk5w&amp;host=ca-host-pub-2644536267352236&amp;fwr=0&amp;pra=3&amp;rh=125&amp;rw=500&amp;rpe=1&amp;resp_fmts=3&amp;wgl=1&amp;fa=27&amp;dt=1707501297438&amp;bpp=2&amp;bdt=16266&amp;idt=2&amp;shv=r20240207&amp;mjsv=m202402050101&amp;ptt=9&amp;saldr=aa&amp;abxe=1&amp;cookie=ID%3D37e7fed8e4b780cf%3AT%3D1697902674%3ART%3D1707501080%3AS%3DALNI_MZSJz5t8ICKMsyeV5QcQEp2Zd84Vg&amp;gpic=UID%3D00000c9eb8dd3299%3AT%3D1697902674%3ART%3D1707501080%3AS%3DALNI_MZWvKOvh11Q3RRMoyqEStEPve8Oeg&amp;eo_id_str=ID%3D44ca2123c04a0e54%3AT%3D1706208142%3ART%3D1707501080%3AS%3DAA-AfjZlGOaH3tiaFSZ-puBT-bDg&amp;prev_fmts=0x0%2C1200x280%2C550x280%2C500x280%2C300x240&amp;nras=5&amp;correlator=2807119368142&amp;frm=20&amp;pv=1&amp;ga_vid=922858591.1697902674&amp;ga_sid=1707501297&amp;ga_hid=1514064322&amp;ga_fc=1&amp;u_tz=60&amp;u_his=1&amp;u_h=864&amp;u_w=1536&amp;u_ah=824&amp;u_aw=1536&amp;u_cd=24&amp;u_sd=1.25&amp;adx=460&amp;ady=2766&amp;biw=1519&amp;bih=684&amp;scr_x=0&amp;scr_y=290&amp;eid=44759876%2C44759927%2C44759837%2C44808397%2C31080780%2C31080794%2C31080947%2C95322434%2C31080933%2C95324154%2C95324160%2C95324266&amp;oid=2&amp;pvsid=498486975847807&amp;tmod=420134504&amp;nvt=1&amp;ref=https%3A%2F%2Fl.facebook.com%2F&amp;fc=1408&amp;brdim=-7%2C-7%2C-7%2C-7%2C1536%2C0%2C1550%2C838%2C1536%2C684&amp;vis=1&amp;rsz=%7C%7Cs%7C&amp;abl=NS&amp;fu=128&amp;bc=31&amp;bz=1.01&amp;ifi=6&amp;uci=a!6&amp;btvi=4&amp;fsb=1&amp;dtd=54561\" name=\"aswift_5\" width=\"500\" height=\"0\" frameborder=\"0\" marginwidth=\"0\" marginheight=\"0\" scrolling=\"no\" sandbox=\"allow-forms allow-popups allow-popups-to-escape-sandbox allow-same-origin allow-scripts allow-top-navigation-by-user-activation\" data-google-container-id=\"a!6\" data-google-query-id=\"CKX225vqnoQDFYuAuQUdL6MB4w\" data-load-complete=\"true\" data-mce-fragment=\"1\"><\/iframe><\/div>\n<p><\/ins><\/div>\n<p>Naime, \u017dupanijsko tu\u017eiteljstvo \u017dZH u \u0160irokom Brijegu oglasilo se u utorak priop\u0107enjem za javnost povodom ovih navode\u0107i kako o navedenom doga\u0111aju de\u017eurni tu\u017eitelj ima<strong>\u00a0samo neslu\u017ebena saznanja<\/strong>.<\/p>\n<h4>Tri obitelji u Centru za socijalnu skrb<\/h4>\n<p>Roditelji su, kako navode,\u00a0<strong>pristali na istragu<\/strong>\u00a0o cijelom slu\u010daju te su nakon davanja iskaza u prostorijama MUP-a predali i mobitel svog sina te ispri\u010dali svoju stranu pri\u010de, odnosno ranije slu\u010dajeve nasilja nad njihovim djetetom.<\/p>\n<p>U\u00a0<strong>Centru za socijalni rad<\/strong>\u00a0u Ljubu\u0161kom su potvrdili da su i oni\u00a0<strong>uklju\u010deni u cijeli slu\u010daj<\/strong>, kako procedura i nala\u017ee, te da je, uz dje\u010daka koji je navodno uputio prijetnje, saslu\u0161ano jo\u0161 dvoje dje\u010daka uz prisustvo njihovih roditelja.<\/p>\n<p><em>Mi smo aktivno prisutni u i ovom postupku. Na\u0161i djelatnici Centra su bili na ispitivanju u policiji, gdje su iskaz dali i roditelji i djeca. Mi smo uvijek uklju\u010deni kad se radi o maloljetnim osobama, tri obitelji su pozvane u na\u0161 Centar i mi nastavljamo raditi svoj posao<\/em>, rekao je za Bljesak.info\u00a0<strong>Viktor Grbavac<\/strong>, ravnatelj Centra za socijalni rad Ljubu\u0161ki i dodao kako u posljednje vrijeme\u00a0<strong>bilje\u017ee porast slu\u010dajeva vr\u0161nja\u010dkog nasilja<\/strong>.<\/p>\n<p>I roditelji su potvrdili kako je cijeli slu\u010daj ura\u0111en i uz prisustvo djelatnika Centra za socijalnu skrb te da su kasnije uradili informativne razgovore i s njihovim slu\u017ebenicima te s\u00a0<strong>psihologom<\/strong>.<\/p>\n<p><em>Znamo da je \u0161kola du\u017ena \u0161tititi na\u0161e u\u010denike, i u slu\u010daju nekih prijetnji reagirati i staviti njihovu sigurnost na prvo mjesto. No, ljuti nas \u010dinjenica da o\u010digledno postoje\u00a0<strong>dvostruka mjerila<\/strong>, te dok se ne\u010diju djecu ili \u0161titi ili im se na odre\u0111eni na\u010din gleda kroz prste, na\u0161eg sina obilje\u017eava na ovaj na\u010din. \u0160to sada da mi radimo?<\/em>, govore i dodaju kako su i ve\u0107 ranije<strong>\u00a0zatra\u017eili premje\u0161taj<\/strong>\u00a0iz ove \u0161kole te se nadaju da \u0107e njihov sin, bez ve\u0107ih posljedica, svoje \u0161kolovanje mo\u0107i nastaviti u nekoj prikladnijoj sredini.<\/p>\n<p><em><strong>Na\u0161 sin vi\u0161e ne\u0107e i\u0107i u \u0161kolu<\/strong>, to nam je savjetovao i psiholog. Na kraju \u0161kolske godine \u0107e<strong>\u00a0polo\u017eiti razliku predmeta<\/strong>\u00a0i nadam se uspjeti u nekoj zdravijoj sredini. Ono \u0161to \u017eelimo jeste da se, pa i po cijenu toga ako je na\u0161e dijete krivo,\u00a0<strong>sazna istina i kona\u010dno stane u kraj nasilnicima<\/strong><\/em>, zaklju\u010dili su roditelji u razgovoru za Bljesak.info.<\/p>\n","protected":false},"excerpt":{"rendered":"<p>\u201dAko je na\u0161e dijete krivo, neka odgovara. Ne bje\u017eimo od istine\u201d, govore za Bljesak.info roditelji dje\u010daka koji je navodno uputio<\/p>\n","protected":false},"author":2,"featured_media":415,"comment_status":"closed","ping_status":"closed","sticky":false,"template":"","format":"standard","meta":{"footnotes":""},"categories":[4],"tags":[],"class_list":["post-421","post","type-post","status-publish","format-standard","has-post-thumbnail","hentry","category-vijesti"],"_links":{"self":[{"href":"https:\/\/radisici.ba\/index.php?rest_route=\/wp\/v2\/posts\/421","targetHints":{"allow":["GET"]}}],"collection":[{"href":"https:\/\/radisici.ba\/index.php?rest_route=\/wp\/v2\/posts"}],"about":[{"href":"https:\/\/radisici.ba\/index.php?rest_route=\/wp\/v2\/types\/post"}],"author":[{"embeddable":true,"href":"https:\/\/radisici.ba\/index.php?rest_route=\/wp\/v2\/users\/2"}],"replies":[{"embeddable":true,"href":"https:\/\/radisici.ba\/index.php?rest_route=%2Fwp%2Fv2%2Fcomments&post=421"}],"version-history":[{"count":1,"href":"https:\/\/radisici.ba\/index.php?rest_route=\/wp\/v2\/posts\/421\/revisions"}],"predecessor-version":[{"id":422,"href":"https:\/\/radisici.ba\/index.php?rest_route=\/wp\/v2\/posts\/421\/revisions\/422"}],"wp:featuredmedia":[{"embeddable":true,"href":"https:\/\/radisici.ba\/index.php?rest_route=\/wp\/v2\/media\/415"}],"wp:attachment":[{"href":"https:\/\/radisici.ba\/index.php?rest_route=%2Fwp%2Fv2%2Fmedia&parent=421"}],"wp:term":[{"taxonomy":"category","embeddable":true,"href":"https:\/\/radisici.ba\/index.php?rest_route=%2Fwp%2Fv2%2Fcategories&post=421"},{"taxonomy":"post_tag","embeddable":true,"href":"https:\/\/radisici.ba\/index.php?rest_route=%2Fwp%2Fv2%2Ftags&post=421"}],"curies":[{"name":"wp","href":"https:\/\/api.w.org\/{rel}","templated":true}]}}