{"id":411,"date":"2024-02-06T20:07:40","date_gmt":"2024-02-06T19:07:40","guid":{"rendered":"https:\/\/radisici.ba\/?p=411"},"modified":"2024-02-06T20:07:40","modified_gmt":"2024-02-06T19:07:40","slug":"andrej-markic-ljubuski-nogomet-ima-buducnost-stvaramo-sve-bolje-uvjete-za-rad","status":"publish","type":"post","link":"https:\/\/radisici.ba\/?p=411","title":{"rendered":"Andrej Marki\u0107: Ljubu\u0161ki nogomet ima budu\u0107nost, stvaramo sve bolje uvjete za rad"},"content":{"rendered":"<p>Nogometa\u0161i Ljubu\u0161kog po\u010deli su s pripremama za nastavak nogometne sezone po\u010deli 21. sije\u010dnja. Podsje\u0107amo, NK Ljubu\u0161ki u nastavak sezone ulazi s prvog mjesta na prvenstvenoj ljestvici.<\/p>\n<p>NK Ljubu\u0161ki je u 14 odigranih utakmica osvojio 29 bodova koliko ima i drugoplasirani Klis i ima dva boda vi\u0161e od tre\u0107eplasiranog Kru\u0161eva i \u010detveroplasiranog Brotnja.<\/p>\n<p>Ljubu\u0161ki je kraj sezone odigrao izvanredno, ostvario je sedam uzastopnih pobjeda, me\u0111u kojima su ve\u0107inom one protiv mom\u010dadi s vrha prvenstvene ljestvice, prije toga je imao dva remija. Doista impresivan niz.<\/p>\n<p>U prvenstvo se u\u0161lo ne\u0161to lo\u0161ije, ali je u nastavku prvenstva ste to nadokna\u0111eno.<\/p>\n<p>Povodom po\u010detka priprema za nastavak sezone u programu Radija Ljubu\u0161ki ugostili smo trenera nogometa\u0161a Ljubu\u0161kog Andreja Marki\u0107a.<\/p>\n<p>Na po\u010detku razgovora Andrej se kratko osvrnuo na prvi dio prvenstva.<\/p>\n<p>\u201ePrije po\u010detka prvenstva ostali smo bez sedam igra\u010da i to je trebalo nadoknaditi i uigrati mom\u010dad. Dosta igra\u010da je iz juniorske mom\u010dadi pre\u0161lo u seniorsku i to je, posebno za njih, bila velika promjena. Dakle, u prvi dio smo u\u0161li s malo tih amplituda, sazrijevanja, preslagivanja, s toga se nije \u010duditi da nekoliko prvih utakmica nismo odigrali kvalitetno kao drugi dio sezone. Sa svakom utakmicom mom\u010dad je sazrijevala i to se moglo vidjeti na terenu. Na kraju sezone se moglo vidjeti da bi ova mom\u010dad, sastavljena uglavnom od mladih doma\u0107ih igra\u010da, mogla parirati i mom\u010dadima iz Prve lige F BiH, koja je rang natjecanja iznad nas. Radimo puno, radimo kvalitetno tako da mislim da su i uprava i vodstvo kluba zadovoljni onim \u0161to se doga\u0111a u klubu i oko kluba\u201c, ka\u017ee Marki\u0107.<\/p>\n<p>S pripremama su, ka\u017ee, krenuli 21. sije\u010dnja i ve\u0107 odigrali jednu prijateljsku utakmicu protiv mom\u010dadi Tomislavgrada.<\/p>\n<p>Plan nastavka priprema je razra\u0111en u potpunosti i dogovoreno je vi\u0161e pripremnih utakmica. Prva od njih je protiv mom\u010dadi Jaruna u srijedu u 15 sati na Babovcu. Marki\u0107 je pozvao sve ljubitelje nogometa da do\u0111u pogledati tu utakmicu i vidjeti kako nakon petnaestak dana priprema izgleda mom\u010dad Ljubu\u0161kog. \u0160to se ti\u010de ostalih pripremnih utakmica dogovoreni su susreti s Posu\u0161jem u Posu\u0161ju, s Dugom Resom, s Mladosti Doboj \u2013 Kakanj, s Neretvom i \u010capljinom.<\/p>\n<p>Kada se radi o igra\u010dkom kadru dogodilo se nekoliko promjena. Tako je iz kluba oti\u0161ao vratar Antonio Brki\u0107 koji je pre\u0161ao u Jadran LP, a do\u0161la su tri nova golmana, dva povratnika Mate Ili\u0107 i Josip Pulji\u0107, te Lovro Masla\u0107 iz \u010capljine. U mom\u010dad se vratio i Mario Pulji\u0107.<\/p>\n<p>Nagla\u0161ava da klub nema imperativ ulaska u Prvu ligu F BiH ve\u0107 da je njihov sportski imperativ biti prvak.<\/p>\n<p>\u201e Nastavit \u0107emo tamo gdje smo stali. Nastojat \u0107emo nastavit niz pobjeda iz prvog dijela sezone bez ikakva optere\u0107enja s jedinim pritiskom na osobnom radu i napretku. O\u010dekujemo uzbudljivo prolje\u0107e i dat \u0107emo sve od sebe da kraj sezone zavr\u0161imo na prvom mjestu na ljestvici\u201c, isti\u010de Marki\u0107, govore\u0107i o planovima za drugi dio prvenstva.<\/p>\n<p>Kao najve\u0107e konkurente za naslov prvaka ne izdvaja ni jednu mom\u010dad posebno, ali isti\u010de da su to uglavnom klubovi koji su trenutno u gornjem dijelu ljestvice.<\/p>\n<p>S posebnom rado\u0161\u0107u isti\u010de rad omladinske \u0161kole kluba, nagla\u0161avaju\u0107i da su seniori nus produkt onoga \u0161to se radi u omladinskoj \u0161koli.<\/p>\n<p>\u201eOmladinska \u0161kola je posebno napredovala u posljednje dvije godine. Od 120 do\u0161li smo do 250 dje\u010daka u\u010dlanjenih u na\u0161u omladinsku \u0161kolu. Morali smo anga\u017eirati vi\u0161e trenera i ostalih stru\u010dnih osoba za rad s tim dje\u010dacima. Nastojimo im biti na raspolaganju ne samo nogometno, nego i \u0161to se ti\u010de njihovog zdravstvenog, fizi\u010dkog i psiholo\u0161kog razvoja. Svakim danom pobolj\u0161avamo uvjete \u0161to se ti\u010de infrastrukture. Napravili smo igrali\u0161e 40\u00d720 s umjetnom travom i reflektorima. Radimo na rasvjeti pomo\u0107nog terena, uradili smo navodnjavanje glavnog terena, sve svla\u010dionice su dijelom, a uskoro \u0107e biti i kompletno renovirane, imamo malu teretanu, sve prostorije \u0107e imati grijanje, sva djeca od 2012. do 2019 godi\u0161ta rade u dvorani \u201eCentral\u201c tu u gradu, tako da mislim da se dosta toga dobro poslo\u017eilo\u201c, ka\u017ee Marki\u0107 uz zahvalu svima koji rade u toj \u0161koli.<\/p>\n<p>To su: Ivana Rozi\u0107 koja je na Kineziologiji, Filip Markoti\u0107, kineziolog Marin Pavlovi\u0107, kineziolog Luka Herceg, Nikola Grani\u0107 s UEFA \u201eB\u201c licencom, kineziolog Martin Ivankovi\u0107, Luka Noah \u0160imi\u0107 polaznik kineziologije, s tim da su svi treneri polaznici jednih od Uefinih licenci, mag. fizioterapije Ante Medi\u0107 i Josip Jelini\u0107.<\/p>\n<p>Kao prioritet u idu\u0107em razdoblju isti\u010de veliku umjetnu travu na pomo\u0107nom terenu, jer je bez kvalitetne infrastrukture te\u0161ko napraviti ve\u0107i iskorak.<\/p>\n<p>\u201eUvijek se postavlja pitanje, je li klub ima ambiciju u\u0107i u Prvu ligu F BiH, naravno da ima. Me\u0111utim, moje mi\u0161ljenje je da prvi iskorak treba biti napraviti umjetnu travu kako bi sva na\u0161a djeca imala odli\u010dne uvjete za rad, a Prva liga F BiH \u0107e nakon toga do\u0107i sama po sebi. Recimo, sad smo sa puno lo\u0161ijim uvjetima prvi na ljestvici, a kada jo\u0161 pobolj\u0161amo uvjete to zna\u010di i ve\u0107i broj djece i kvalitetniji rad. Uglavnom, moje je mi\u0161ljenje da ljubu\u0161ki nogomet ima dobru budu\u0107nost\u201c, ka\u017ee na kraju razgovora Marki\u0107.<\/p>\n<p>Radio Ljubu\u0161ki<\/p>\n","protected":false},"excerpt":{"rendered":"<p>Nogometa\u0161i Ljubu\u0161kog po\u010deli su s pripremama za nastavak nogometne sezone po\u010deli 21. sije\u010dnja. Podsje\u0107amo, NK Ljubu\u0161ki u nastavak sezone ulazi<\/p>\n","protected":false},"author":2,"featured_media":412,"comment_status":"closed","ping_status":"closed","sticky":false,"template":"","format":"standard","meta":{"footnotes":""},"categories":[1],"tags":[],"class_list":["post-411","post","type-post","status-publish","format-standard","has-post-thumbnail","hentry","category-sport"],"_links":{"self":[{"href":"https:\/\/radisici.ba\/index.php?rest_route=\/wp\/v2\/posts\/411","targetHints":{"allow":["GET"]}}],"collection":[{"href":"https:\/\/radisici.ba\/index.php?rest_route=\/wp\/v2\/posts"}],"about":[{"href":"https:\/\/radisici.ba\/index.php?rest_route=\/wp\/v2\/types\/post"}],"author":[{"embeddable":true,"href":"https:\/\/radisici.ba\/index.php?rest_route=\/wp\/v2\/users\/2"}],"replies":[{"embeddable":true,"href":"https:\/\/radisici.ba\/index.php?rest_route=%2Fwp%2Fv2%2Fcomments&post=411"}],"version-history":[{"count":1,"href":"https:\/\/radisici.ba\/index.php?rest_route=\/wp\/v2\/posts\/411\/revisions"}],"predecessor-version":[{"id":413,"href":"https:\/\/radisici.ba\/index.php?rest_route=\/wp\/v2\/posts\/411\/revisions\/413"}],"wp:featuredmedia":[{"embeddable":true,"href":"https:\/\/radisici.ba\/index.php?rest_route=\/wp\/v2\/media\/412"}],"wp:attachment":[{"href":"https:\/\/radisici.ba\/index.php?rest_route=%2Fwp%2Fv2%2Fmedia&parent=411"}],"wp:term":[{"taxonomy":"category","embeddable":true,"href":"https:\/\/radisici.ba\/index.php?rest_route=%2Fwp%2Fv2%2Fcategories&post=411"},{"taxonomy":"post_tag","embeddable":true,"href":"https:\/\/radisici.ba\/index.php?rest_route=%2Fwp%2Fv2%2Ftags&post=411"}],"curies":[{"name":"wp","href":"https:\/\/api.w.org\/{rel}","templated":true}]}}