{"id":392,"date":"2024-02-04T20:17:39","date_gmt":"2024-02-04T19:17:39","guid":{"rendered":"https:\/\/radisici.ba\/?p=392"},"modified":"2024-02-04T20:17:39","modified_gmt":"2024-02-04T19:17:39","slug":"zbog-poskupljenja-bh-gradani-kupuju-manje-kolicine-hrane-kvaliteta-im-je-manje-vazna","status":"publish","type":"post","link":"https:\/\/radisici.ba\/?p=392","title":{"rendered":"Zbog poskupljenja bh. gra\u0111ani kupuju manje koli\u010dine hrane, kvaliteta im je manje va\u017ena"},"content":{"rendered":"<div class=\"single-article__row\">\n<div class=\"text text--large\">\n<p>Posljednjih dana naj\u010de\u0161\u0107e rije\u010di koje se mogu \u010duti na ulicama su \u201ckako je sve skupo\u201d, \u010dime se uglavnom aludira na cijene osnovnih \u017eivotnih namirnica<\/p>\n<\/div>\n<\/div>\n<div class=\"single-article__row\">\n<div class=\"banner\">\n<div id=\"divRectangle1\"><\/div>\n<\/div>\n<\/div>\n<div class=\"single-article__content\">\n<div id=\"js_content\" class=\"js-bannerInArticleWrap js-prerollInArticleWrap\">\n<p>Posljednjih dana naj\u010de\u0161\u0107e rije\u010di koje se mogu \u010duti na ulicama su \u201ckako je sve skupo\u201d, \u010dime se uglavnom aludira na cijene osnovnih \u017eivotnih namirnica, pi\u0161e <a href=\"https:\/\/www.vecernji.ba\/vijesti\/zbog-poskupljenja-bh-gradani-kupuju-manje-kolicine-hrane-kvaliteta-im-je-manje-vazna-1743812\" target=\"_blank\" rel=\"noopener\"><strong>Ve\u010dernji list BiH.<\/strong><\/a><\/p>\n<\/div>\n<p>Upravo zbog rasta cijena hrane kupci mijenjaju navike &#8211; kupuju manje koli\u010dine, robu slabije kvalitete i zaobilaze brendove. Zabrinutost izra\u017eavaju svi te strahuju kako \u0107e se ova cjelokupna situacija odraziti na njihove ku\u0107ne prora\u010dune bez obzira na financijsku stabilnost koju mo\u017eda trenuta\u010dno imaju. &#8211; Iako i supruga i ja imamo pristojne poslove i zaradu, ve\u0107 odavno smo se odrekli takozvanih malih luksuza, poput svakodnevnog odlaska na kavu i kola\u010d. To vam je samo jedan primjer, a ima ih, vjerujte, puno. Tu su i djeca kojoj ne mo\u017eemo tek tako \u201cukinuti\u201d sve. Svaki dan idu u \u0161kolu, pa im svaki dan treba novac i za u\u017einu&#8230;, a da ne govorim o ostalim tro\u0161kovima &#8211; pri\u010da sugovornik iz Mostara.<\/p>\n<p><strong>\u017dalbe na&#8230;<\/strong><\/p>\n<div class=\"js-linkerInArticle\" data-linker-position=\"None\"><\/div>\n<p>Kako zapravo bh. gra\u0111ani \u017eive te na \u0161to se naj\u010de\u0161\u0107e \u017eale, upitali smo u Udruzi za za\u0161titu potro\u0161a\u010da \u201cDon\u201d. &#8211; U posljednje vi\u0161e od dvije godine pokazalo se da ljudi mnogo vi\u0161e gledaju na cijenu nego na kvalitetu. To nam gra\u0111ani sami potvr\u0111uju, a tome svakodnevno svjedo\u010dimo. Smanjuju se i koli\u010dine. Ako su nekada kupovali vo\u0107e i povr\u0107e na kilogram, danas ga kupuju na komad ili pak grame ako je u pitanju meso. Kupuju otprilike za isti novac kao prije, samo \u0161to sada u vre\u0107icama doma donesu znatno manje koli\u010dine i na to su primorani jer rast pla\u0107a i mirovina ne prati rast cijena &#8211; pri\u010da nam Zoran Peto\u0161 iz Udruge za za\u0161titu potro\u0161a\u010da \u201cDon\u201d, isti\u010du\u0107i da se mora vi\u0161e raditi na pomo\u0107i gra\u0111anima. &#8211; Ovo \u0161to se sada radi, ograni\u010davanje cijena, pozitivno je, ali smatramo da su potrebne mnogo bolje mjere, a to je da pla\u0107e i mirovine prate rast cijena &#8211; ka\u017ee nam Peto\u0161 u razgovoru, navode\u0107i trenuta\u010dno stanje u RS-u. &#8211; U RS-u sada imamo najni\u017eu pla\u0107u od 900 KM i to je dobro, me\u0111utim, u\u010dinak ne\u0107e biti onakav kakav svi o\u010dekuju jer \u0107e javnim poduze\u0107ima sada to biti izgovor za nova poskupljenja, \u0161to \u0107e se u kona\u010dnici ponovno kao bumerang vratiti potro\u0161a\u010dima kroz nova poskupljenja. Ovom problemu treba se mnogo ozbiljnije pristupiti i vidjeti kako zamrznuti inflaciju koja traje vi\u0161e od dvije godine &#8211; pri\u010da za Ve\u010dernji list Peto\u0161. Prema njegovim rije\u010dima, gra\u0111ani se snalaze na razne na\u010dine.<\/p>\n<p><strong>Kvaliteta hrane<\/strong><\/p>\n<div class=\"single-article__row js_bannerInArticle2\">\n<div class=\"dfp_banner--divInArticle\">\n<div id=\"divInArticle2\"><\/div>\n<\/div>\n<\/div>\n<p>&#8211; Prave se popisi, kupuju manje koli\u010dine, a na kvalitetu, ako se i gleda, kupuju se znatno manje koli\u010dine. Brojni su primorani i zadu\u017eiti se kako bi izmirili sve tro\u0161kove. Pote\u017ee se i za kreditima, ulazi u du\u017eni\u010dko ropstvo jer ne mogu sve platiti od primanja. Evo vam jedan primjer, umirovljenicima, dok plate lijekove, koji su poskupjeli, hranu, koja je poskupjela, re\u017eije, koje su poskupjele, ne ostaje ni\u0161ta, a njihova mirovina je mo\u017eda pove\u0107ana za 10-ak posto u odre\u0111enom razdoblju, dok su cijene svega rasle vi\u0161estruko. Matematika je vrlo jednostavna, nema na\u010dina da se uz ovakve prihode izmire svi tro\u0161kovi. Stvari koje su normalne u drugim dr\u017eavama bh. gra\u0111anima su luksuz. Kupuju samo nu\u017eno, samo ono \u0161to se mora kako bi se pre\u017eivjelo &#8211; pri\u010da sugovornik. Prokomentirao je op\u0107enito i kvalitetu hrane uspore\u0111uju\u0107i je s onom iz zapadnih zemalja. &#8211; Kada je rije\u010d o samoj kvaliteti hrane, ona se razlikuje od europskih zemalja. Imamo, na\u017ealost, veliki broj ljudi koji su na radu u inozemstvu pa, kada dolaze, sa sobom nose hranu i kozmetiku jer su ti proizvodi, prije svega, osjetno jeftiniji. Ve\u0107ina proizvoda je jeftinija, primjerice, u Njema\u010dkoj ili Sloveniji, a kada uzmemo u obzir i njihove prihode, \u017eivotni standard, i usporedimo s ovim u BiH, dolazimo do nelogi\u010dnosti. Osim cijene, primjetna je i velika razlika u kvaliteti. Kada uzimamo proizvode koji su na tr\u017ei\u0161tu BiH, vidjet \u0107emo da na rijetko kojem pi\u0161e da su proizvedeni u Njema\u010dkoj, \u0160vedskoj, Danskoj&#8230; Ve\u0107inom su navedene druge zemlje u kojima su mnogo manje kontrole i gdje se slabije vodi ra\u010duna o kvaliteti. Dokazano, postoje brojni proizvodi koji su lo\u0161ije kvalitete nego u europskim zemljama. Kada pri\u010damo o kozmetici i odre\u0111enoj vrsti prehrambenih proizvoda, nije tajna da se posebni proizvodi prave za zapadno tr\u017ei\u0161te, a posebni za zemlje tre\u0107eg svijeta u koje, na\u017ealost, i mi u BiH spadamo &#8211; zaklju\u010dio je Peto\u0161 u razgovoru. \u2022<\/p>\n<\/div>\n","protected":false},"excerpt":{"rendered":"<p>Posljednjih dana naj\u010de\u0161\u0107e rije\u010di koje se mogu \u010duti na ulicama su \u201ckako je sve skupo\u201d, \u010dime se uglavnom aludira na<\/p>\n","protected":false},"author":2,"featured_media":393,"comment_status":"closed","ping_status":"closed","sticky":false,"template":"","format":"standard","meta":{"footnotes":""},"categories":[4],"tags":[],"class_list":["post-392","post","type-post","status-publish","format-standard","has-post-thumbnail","hentry","category-vijesti"],"_links":{"self":[{"href":"https:\/\/radisici.ba\/index.php?rest_route=\/wp\/v2\/posts\/392","targetHints":{"allow":["GET"]}}],"collection":[{"href":"https:\/\/radisici.ba\/index.php?rest_route=\/wp\/v2\/posts"}],"about":[{"href":"https:\/\/radisici.ba\/index.php?rest_route=\/wp\/v2\/types\/post"}],"author":[{"embeddable":true,"href":"https:\/\/radisici.ba\/index.php?rest_route=\/wp\/v2\/users\/2"}],"replies":[{"embeddable":true,"href":"https:\/\/radisici.ba\/index.php?rest_route=%2Fwp%2Fv2%2Fcomments&post=392"}],"version-history":[{"count":1,"href":"https:\/\/radisici.ba\/index.php?rest_route=\/wp\/v2\/posts\/392\/revisions"}],"predecessor-version":[{"id":394,"href":"https:\/\/radisici.ba\/index.php?rest_route=\/wp\/v2\/posts\/392\/revisions\/394"}],"wp:featuredmedia":[{"embeddable":true,"href":"https:\/\/radisici.ba\/index.php?rest_route=\/wp\/v2\/media\/393"}],"wp:attachment":[{"href":"https:\/\/radisici.ba\/index.php?rest_route=%2Fwp%2Fv2%2Fmedia&parent=392"}],"wp:term":[{"taxonomy":"category","embeddable":true,"href":"https:\/\/radisici.ba\/index.php?rest_route=%2Fwp%2Fv2%2Fcategories&post=392"},{"taxonomy":"post_tag","embeddable":true,"href":"https:\/\/radisici.ba\/index.php?rest_route=%2Fwp%2Fv2%2Ftags&post=392"}],"curies":[{"name":"wp","href":"https:\/\/api.w.org\/{rel}","templated":true}]}}