{"id":389,"date":"2024-02-04T20:05:57","date_gmt":"2024-02-04T19:05:57","guid":{"rendered":"https:\/\/radisici.ba\/?p=389"},"modified":"2024-02-04T20:05:57","modified_gmt":"2024-02-04T19:05:57","slug":"ni-velike-place-vise-nisu-jamac-poslodavcima-u-bih-da-ce-uspjeti-pronaci-i-zadrzati-radnike","status":"publish","type":"post","link":"https:\/\/radisici.ba\/?p=389","title":{"rendered":"Ni velike pla\u0107e vi\u0161e nisu jamac poslodavcima u BiH da \u0107e uspjeti prona\u0107i i zadr\u017eati radnike"},"content":{"rendered":"<p>Od nekada\u0161nje nemogu\u0107nosti da radnici prona\u0111u posao, situacija na tr\u017ei\u0161tu sada je obrnuta: poslodavci ne mogu na\u0107i radnike. Sve je vi\u0161e deficitarnih zanimanja. Pozitivna strana je \u0161to to tjera poslodavce da daju ve\u0107e pla\u0107e, a samim tim pove\u0107avaju se mogu\u0107nosti za nove generacije, prenosi <a href=\"https:\/\/www.vecernji.ba\/vijesti\/ni-velike-place-vise-nisu-jamac-poslodavcima-u-bih-da-ce-uspjeti-pronaci-i-zadrzati-radnike-1743771\" target=\"_blank\" rel=\"noopener\">Ve\u010dernji list BiH<\/a>.<\/p>\n<p>&nbsp;<\/p>\n<p>Kvalitetna radna snaga sve se manje zadr\u017eava u zemlji. Mladi uglavnom odlaze. Za one koji se odlu\u010de ostati situacija je druga\u010dija nego prije pet ili deset godina: na tr\u017ei\u0161tu itekako postoji potreba za njima. Potraga za radnicima pojedinim poslodavcima u BiH postala je sve te\u017ea. Gotovo da nema djelatnosti koja nije u problemima. Najte\u017ea je situacija bila u gra\u0111evini, a u prilog tome ide i \u010dinjenica kako je sve vi\u0161e radnika iz Nepala, Banglade\u0161a, Turske\u2026 Ni\u0161ta bolje nije ni u turizmu, trgovini, pa i prometu. Koliko je stanje na tr\u017ei\u0161tu rada u BiH ozbiljno, najbolje govore procjene da \u0107e do 2027. samo u ugostiteljstvu nedostajati 8000 radnika. Turisti\u010dka sezona je pred vratima, a hercegova\u010dki ugostitelji, osim brige za dolazak turista, imaju i onu s radnom snagom. Ni\u0161ta neo\u010dekivano, ka\u017eu. Brojni su posljednjih godina uslijed raznih okolnosti oti\u0161li trbuhom za kruhom diljem svijeta, a neki se spremaju u susjedstvo, to\u010dnije u Hrvatsku, kojoj nedostaju deseci tisu\u0107a radnika u ugostiteljstvu. Ipak je rije\u010d o zemlji EU-a sa znatno ve\u0107im pla\u0107ama. Sve to prisiljava i ugostitelje u bh. da pove\u0107aju pla\u0107e.<\/p>\n<p>&#8211; Prije je problem bio prona\u0107i posao. Danas je situacija znatno druga\u010dija. Doslovno mi na radno mjesto u restoran dolaze vlasnici drugih objekata i nude ve\u0107u pla\u0107u i bolje uvjete. Ovo je postalo nevjerojatno &#8211; pri\u010da jedan kuhar, koji ka\u017ee da je pla\u0107om i vi\u0161e nego zadovoljan i ne planira nikamo i\u0107i odavde.<\/p>\n<p>\u010cak 3000 maraka mjese\u010dno, uz topli obrok, uplatu svih doprinosa, smje\u0161taj te druge pogodnosti, mogao bi zaraditi kuhar koji se zaposli u jednom restoranu u Stocu. Toliku pla\u0107u, uz dodatnu nagradu tijekom ljetne sezone, u oglasu je ponudio ugostitelj Ibrahim Batan Buzaljko, pi\u0161e Avaz.<\/p>\n<p>Uz silne simpatije javnosti koje je pobrao objavom takvog oglasa, Buzaljko ve\u0107 mjesec otad nije uspio prona\u0107i kuhara. A potrebna su mu \u010detiri. Kako je ispri\u010dao, kroni\u010dan nedostatak kuhara i uop\u0107e osoblja u ugostiteljskom sektoru sve je izra\u017eeniji.<\/p>\n<p>&#8211; To je stra\u0161an problem, vjerujte, a sve sam poku\u0161ao. Zanimanja i upita za oglas je bilo, ima i dalje, ali nekako kao da svi bje\u017ee od odgovornosti. Pravog, profesionalnog kuhara je, izgleda, nemogu\u0107e na\u0107i, pogotovo u Hercegovini &#8211; ka\u017ee.<\/p>\n<p>Njegov primjer nije jedini. \u0160tovi\u0161e, kao nikada prije u Hercegovini je po\u010dela prava pomama za kuharima, konobarima, recepcionarima, sobaricama&#8230;<\/p>\n<p><strong>Uvoz sezonaca<\/strong><\/p>\n<p>Pro\u0161la sezona u jedinom bh. gradu na moru, Neumu, bila je odli\u010dna. Broj no\u0107enja bio je ve\u0107i za oko 10% u usporedbi s prethodnom sezonom, a jo\u0161 ve\u0107i rast prihoda turisti\u010dkih djelatnika. Sve to razlog je da o\u010dekivanja pred nadolaze\u0107u sezonu u Neumu budu velika. Najve\u0107i problem i ove godine u Neumu je manjak radne snage. Pro\u0161le godine anga\u017eirali su sobarice iz Nepala. To planiraju i ove. &#8211; Radnu snagu je danas te\u0161ko prona\u0107i. Nerijetko se pose\u017ee za djelatnicima iz drugih zemalja. Sve je dobro dok ih se uop\u0107e mo\u017ee na\u0107i. Smatram da \u0107emo se svi morati suo\u010diti s tim problemom. Mo\u017eda ve\u0107a pla\u0107a ili stimulacija, mo\u017eda se to trebalo pokrenuti i prije. Da jest, danas bismo mo\u017eda imali drugu sliku &#8211; kazao je medijima na\u010delnik Neuma Dragan Jurkovi\u0107.<\/p>\n","protected":false},"excerpt":{"rendered":"<p>Od nekada\u0161nje nemogu\u0107nosti da radnici prona\u0111u posao, situacija na tr\u017ei\u0161tu sada je obrnuta: poslodavci ne mogu na\u0107i radnike. Sve je<\/p>\n","protected":false},"author":2,"featured_media":390,"comment_status":"closed","ping_status":"closed","sticky":false,"template":"","format":"standard","meta":{"footnotes":""},"categories":[4],"tags":[],"class_list":["post-389","post","type-post","status-publish","format-standard","has-post-thumbnail","hentry","category-vijesti"],"_links":{"self":[{"href":"https:\/\/radisici.ba\/index.php?rest_route=\/wp\/v2\/posts\/389","targetHints":{"allow":["GET"]}}],"collection":[{"href":"https:\/\/radisici.ba\/index.php?rest_route=\/wp\/v2\/posts"}],"about":[{"href":"https:\/\/radisici.ba\/index.php?rest_route=\/wp\/v2\/types\/post"}],"author":[{"embeddable":true,"href":"https:\/\/radisici.ba\/index.php?rest_route=\/wp\/v2\/users\/2"}],"replies":[{"embeddable":true,"href":"https:\/\/radisici.ba\/index.php?rest_route=%2Fwp%2Fv2%2Fcomments&post=389"}],"version-history":[{"count":1,"href":"https:\/\/radisici.ba\/index.php?rest_route=\/wp\/v2\/posts\/389\/revisions"}],"predecessor-version":[{"id":391,"href":"https:\/\/radisici.ba\/index.php?rest_route=\/wp\/v2\/posts\/389\/revisions\/391"}],"wp:featuredmedia":[{"embeddable":true,"href":"https:\/\/radisici.ba\/index.php?rest_route=\/wp\/v2\/media\/390"}],"wp:attachment":[{"href":"https:\/\/radisici.ba\/index.php?rest_route=%2Fwp%2Fv2%2Fmedia&parent=389"}],"wp:term":[{"taxonomy":"category","embeddable":true,"href":"https:\/\/radisici.ba\/index.php?rest_route=%2Fwp%2Fv2%2Fcategories&post=389"},{"taxonomy":"post_tag","embeddable":true,"href":"https:\/\/radisici.ba\/index.php?rest_route=%2Fwp%2Fv2%2Ftags&post=389"}],"curies":[{"name":"wp","href":"https:\/\/api.w.org\/{rel}","templated":true}]}}