{"id":386,"date":"2024-02-04T19:56:26","date_gmt":"2024-02-04T18:56:26","guid":{"rendered":"https:\/\/radisici.ba\/?p=386"},"modified":"2024-02-04T19:56:26","modified_gmt":"2024-02-04T18:56:26","slug":"sutra-proglasenje-najuspjesnijih-sportasa-grada-ljubuskog","status":"publish","type":"post","link":"https:\/\/radisici.ba\/?p=386","title":{"rendered":"Sutra progla\u0161enje najuspje\u0161nijih sporta\u0161a Grada Ljubu\u0161kog"},"content":{"rendered":"<div class=\"itemIntroText\">\n<p>Program obilje\u017eavanja Dana Grada Ljubu\u0161kog nastavlja se u ponedjeljak 5. velja\u010de sve\u010danim progla\u0161enjem najuspje\u0161nijih sporta\u0161a Ljubu\u0161kog za 2023. godinu.<\/p>\n<\/div>\n<div class=\"itemFullText\">\n<p>Na sve\u010danosti \u0107e biti progla\u0161eni najuspje\u0161niji sporta\u0161i na\u0161eg grada u \u0161est kategorija:<\/p>\n<p>1. Najbolja juniroka<\/p>\n<p>2. Najbolji juniori<\/p>\n<p>3. Najbolja sporta\u0161ica<\/p>\n<p>4. Najbolji sporta\u0161<\/p>\n<p>5. Najbolji sportski klub<\/p>\n<p>6. Najuspje\u0161niji trener<\/p>\n<p>Program sve\u010danosti po\u010dinje u 19.00 sati, a odr\u017eava se u sredi\u0161njoj dvorani hotela Bigeste.<\/p>\n<\/div>\n<p class=\"entry-title post-title\" style=\"text-align: right;\"><span class=\"title-sub\">Radio Ljubu\u0161ki<\/span><\/p>\n","protected":false},"excerpt":{"rendered":"<p>Program obilje\u017eavanja Dana Grada Ljubu\u0161kog nastavlja se u ponedjeljak 5. velja\u010de sve\u010danim progla\u0161enjem najuspje\u0161nijih sporta\u0161a Ljubu\u0161kog za 2023. godinu. Na<\/p>\n","protected":false},"author":2,"featured_media":387,"comment_status":"closed","ping_status":"closed","sticky":false,"template":"","format":"standard","meta":{"footnotes":""},"categories":[4],"tags":[],"class_list":["post-386","post","type-post","status-publish","format-standard","has-post-thumbnail","hentry","category-vijesti"],"_links":{"self":[{"href":"https:\/\/radisici.ba\/index.php?rest_route=\/wp\/v2\/posts\/386","targetHints":{"allow":["GET"]}}],"collection":[{"href":"https:\/\/radisici.ba\/index.php?rest_route=\/wp\/v2\/posts"}],"about":[{"href":"https:\/\/radisici.ba\/index.php?rest_route=\/wp\/v2\/types\/post"}],"author":[{"embeddable":true,"href":"https:\/\/radisici.ba\/index.php?rest_route=\/wp\/v2\/users\/2"}],"replies":[{"embeddable":true,"href":"https:\/\/radisici.ba\/index.php?rest_route=%2Fwp%2Fv2%2Fcomments&post=386"}],"version-history":[{"count":1,"href":"https:\/\/radisici.ba\/index.php?rest_route=\/wp\/v2\/posts\/386\/revisions"}],"predecessor-version":[{"id":388,"href":"https:\/\/radisici.ba\/index.php?rest_route=\/wp\/v2\/posts\/386\/revisions\/388"}],"wp:featuredmedia":[{"embeddable":true,"href":"https:\/\/radisici.ba\/index.php?rest_route=\/wp\/v2\/media\/387"}],"wp:attachment":[{"href":"https:\/\/radisici.ba\/index.php?rest_route=%2Fwp%2Fv2%2Fmedia&parent=386"}],"wp:term":[{"taxonomy":"category","embeddable":true,"href":"https:\/\/radisici.ba\/index.php?rest_route=%2Fwp%2Fv2%2Fcategories&post=386"},{"taxonomy":"post_tag","embeddable":true,"href":"https:\/\/radisici.ba\/index.php?rest_route=%2Fwp%2Fv2%2Ftags&post=386"}],"curies":[{"name":"wp","href":"https:\/\/api.w.org\/{rel}","templated":true}]}}