{"id":357,"date":"2024-02-01T17:47:08","date_gmt":"2024-02-01T16:47:08","guid":{"rendered":"https:\/\/radisici.ba\/?p=357"},"modified":"2024-02-01T17:47:08","modified_gmt":"2024-02-01T16:47:08","slug":"djecji-vrtic-ljubuski-uspjesno-sudjelovao-u-kampanji-unapredenja-prehrane-djece","status":"publish","type":"post","link":"https:\/\/radisici.ba\/?p=357","title":{"rendered":"Dje\u010dji vrti\u0107 Ljubu\u0161ki uspje\u0161no sudjelovao u kampanji unapre\u0111enja prehrane djece"},"content":{"rendered":"<p>U Dje\u010djem vrti\u0107u Ljubu\u0161ki uspje\u0161no je zavr\u0161ila aktivnost projekta \u201cIstra\u017eivanje kvalitete zraka u vrti\u0107ima\u201c koji je provodio Zavod za javno zdravstvo FBiH u suradnji s UNICEF-om BiH.<\/p>\n<p>Ju\u010der su nas u Dje\u010djem vrti\u0107u Ljubu\u0161ki\u00a0 ispred Zavoda za javno zdravstvo FBiH posjetile dr. Aida Vili\u0107 \u0160vraka i dr. Aida Filipovi\u0107 Had\u017eiomeragi\u0107 koje su nam prezentirali rezultati i\u00a0 udijelile certifikat o aktivnom sudjelovanju u kampanji za unapre\u0111enje prehrane djece i obilje\u017eavanju Dana cjelovitih \u017eitarica 2023. godine.<\/p>\n<p>&nbsp;<\/p>\n<p><strong>Kvaliteta zraka zadovoljavaju\u0107a<\/strong><\/p>\n<p>U ustanovi su provedene aktivnosti mjerenja kvalitete zraka u zatvorenim prostorima i analiza kvalitete dje\u010djih obroka u vrti\u0107u. Cilj je bio stjecanje uvida u kvalitetu zraka zatvorenog prostora u vrti\u0107u, a slu\u017eit \u0107e kao osnova za dono\u0161enje i provo\u0111enje relevantnih preventivnih mjera i podizanje stupnja znanja odgajatelja i drugih djelatnika, roditelja i djece, kao i \u0161ire vrti\u0107ke zajednice o zna\u010daju \u010distog zraka u za\u0161titi od respiratornih oboljenja. Provedeno je mjerenje kvalitete zraka u prostorijama mobilnim mjernim aparatima, te je ustanovljeno kako je kvaliteta zraka zadovoljavaju\u0107a, u okviru referentnih vrijednosti za dobru kvalitetu zraka.<\/p>\n<p>&nbsp;<\/p>\n<p><strong>Obroci zadovoljavaju kvalitetu i pokrivaju dnevne energetske potrebe djece<\/strong><\/p>\n<p>Tijekom projekta provedena je analiza energetske vrijednosti i kvalitete obroka koji se poslu\u017euju djeci u na\u0161em vrti\u0107u.\u00a0 Uzorci hrane su prikupljeni i analizirani u laboratoriju radi odre\u0111ivanja energetske vrijednosti i kvalitete te je te smo dobili rezultate kako obroci u Dje\u010djem vrti\u0107u Ljubu\u0161ki zadovoljavaju kvalitetu i pokrivaju dnevne energetske potrebe djece.<\/p>\n<p>Projektom se i promovirala konzumacije cjelovitih \u017eitarica povodom Dana cjelovitih \u017eitarica,\u00a0 te je odr\u017eana\u00a0 i\u00a0 radionica za odgajatelje vezana za ispitivanje kvaliteta zraka.<\/p>\n<p>&nbsp;<\/p>\n<p>Ka\u017eimo i to, kako je u Dje\u010djem vrti\u0107u Ljubu\u0161ki prije par godina u suradnji s Federalnim ministarstvom obrazovanja i nauke, Federalnim ministarstvom zdravlja te Zavodom za javno zdravstvo FBiH uspje\u0161no proveo projekt \u201cZdravo jedi, zdravo rasti\u201d koji je bio usmjeren na unapre\u0111enje zdravlja djece pred\u0161kolskog uzrasta i zahvaljuju\u0107i kojem je vrti\u0107 ispunio kriterije i dobio certifikata Svjetske zdravstvene organizacije u smislu zdrave ishrane, a ovaj projekt je samo potvrda da smo nastavili dobro raditi u vrti\u0107u i kvalitetu dr\u017eimo na visokoj razini.<\/p>\n<p class=\"entry-title post-title\" style=\"text-align: right;\"><span class=\"title-sub\">Autor: Dje\u010dji vrti\u0107 Ljubu\u0161ki<\/span><\/p>\n<p><iframe loading=\"lazy\" style=\"border: none; overflow: hidden;\" src=\"https:\/\/www.facebook.com\/plugins\/post.php?href=https%3A%2F%2Fwww.facebook.com%2Fpermalink.php%3Fstory_fbid%3Dpfbid02myzvqtftxjao31vXiKbickgviLasZH7Sf7Rz9htxEYSwpScVc36FfNZXDB6HD357l%26id%3D100070948595664&amp;show_text=true&amp;width=500\" width=\"500\" height=\"786\" frameborder=\"0\" scrolling=\"no\" allowfullscreen=\"allowfullscreen\"><\/iframe><\/p>\n","protected":false},"excerpt":{"rendered":"<p>U Dje\u010djem vrti\u0107u Ljubu\u0161ki uspje\u0161no je zavr\u0161ila aktivnost projekta \u201cIstra\u017eivanje kvalitete zraka u vrti\u0107ima\u201c koji je provodio Zavod za javno<\/p>\n","protected":false},"author":2,"featured_media":358,"comment_status":"closed","ping_status":"closed","sticky":false,"template":"","format":"standard","meta":{"footnotes":""},"categories":[4],"tags":[],"class_list":["post-357","post","type-post","status-publish","format-standard","has-post-thumbnail","hentry","category-vijesti"],"_links":{"self":[{"href":"https:\/\/radisici.ba\/index.php?rest_route=\/wp\/v2\/posts\/357","targetHints":{"allow":["GET"]}}],"collection":[{"href":"https:\/\/radisici.ba\/index.php?rest_route=\/wp\/v2\/posts"}],"about":[{"href":"https:\/\/radisici.ba\/index.php?rest_route=\/wp\/v2\/types\/post"}],"author":[{"embeddable":true,"href":"https:\/\/radisici.ba\/index.php?rest_route=\/wp\/v2\/users\/2"}],"replies":[{"embeddable":true,"href":"https:\/\/radisici.ba\/index.php?rest_route=%2Fwp%2Fv2%2Fcomments&post=357"}],"version-history":[{"count":1,"href":"https:\/\/radisici.ba\/index.php?rest_route=\/wp\/v2\/posts\/357\/revisions"}],"predecessor-version":[{"id":359,"href":"https:\/\/radisici.ba\/index.php?rest_route=\/wp\/v2\/posts\/357\/revisions\/359"}],"wp:featuredmedia":[{"embeddable":true,"href":"https:\/\/radisici.ba\/index.php?rest_route=\/wp\/v2\/media\/358"}],"wp:attachment":[{"href":"https:\/\/radisici.ba\/index.php?rest_route=%2Fwp%2Fv2%2Fmedia&parent=357"}],"wp:term":[{"taxonomy":"category","embeddable":true,"href":"https:\/\/radisici.ba\/index.php?rest_route=%2Fwp%2Fv2%2Fcategories&post=357"},{"taxonomy":"post_tag","embeddable":true,"href":"https:\/\/radisici.ba\/index.php?rest_route=%2Fwp%2Fv2%2Ftags&post=357"}],"curies":[{"name":"wp","href":"https:\/\/api.w.org\/{rel}","templated":true}]}}