{"id":350,"date":"2024-02-01T06:40:39","date_gmt":"2024-02-01T05:40:39","guid":{"rendered":"https:\/\/radisici.ba\/?p=350"},"modified":"2024-02-01T06:41:30","modified_gmt":"2024-02-01T05:41:30","slug":"zrinko-cuvalo-postoji-teznja-da-se-hrvate-iskljuci-iz-odlucivanja-kad-je-politicka-i-svaka-druga-vlast-u-pitanju","status":"publish","type":"post","link":"https:\/\/radisici.ba\/?p=350","title":{"rendered":"Zrinko \u010cuvalo: Postoji te\u017enja da se Hrvate isklju\u010di iz odlu\u010divanja kad je politi\u010dka i svaka druga vlast u pitanju"},"content":{"rendered":"<p>Predsjednik Hrvatske stranke prava BiH i Herceg Bosne Zrinko \u010cuvalo Ovo svoje razmi\u0161ljanje potvr\u0111ujem \u010dinjenicom da je u Daytonu postignut mir, odnosno zaustavljen rat oru\u017ejem, a nastavljen nekim drugim perfidnijim sredstvima.<\/p>\n<div class=\"ggRBON8z\">\n<p>&nbsp;<\/p>\n<div id=\"aswift_1_host\" tabindex=\"0\" title=\"Advertisement\" aria-label=\"Advertisement\"><iframe loading=\"lazy\" id=\"aswift_1\" src=\"https:\/\/googleads.g.doubleclick.net\/pagead\/ads?client=ca-pub-5573322776777300&amp;output=html&amp;h=160&amp;slotname=8906695066&amp;adk=2501857372&amp;adf=945570389&amp;pi=t.ma~as.8906695066&amp;w=640&amp;fwrn=4&amp;lmt=1706765782&amp;rafmt=11&amp;format=640x160&amp;url=https%3A%2F%2Fhip.ba%2F2024%2F01%2F31%2Fzrinko-cuvalo-postoji-teznja-da-se-hrvate-iskljuci-iz-odlucivanja-kad-je-politicka-i-svaka-druga-vlast-u-pitanju%2F&amp;host=ca-host-pub-2644536267352236&amp;wgl=1&amp;dt=1706765779824&amp;bpp=3&amp;bdt=1716&amp;idt=2312&amp;shv=r20240129&amp;mjsv=m202401250101&amp;ptt=9&amp;saldr=aa&amp;abxe=1&amp;prev_fmts=0x0&amp;nras=1&amp;correlator=234638009469&amp;frm=20&amp;pv=1&amp;ga_vid=314387898.1706765779&amp;ga_sid=1706765782&amp;ga_hid=1205932259&amp;ga_fc=1&amp;rplot=4&amp;u_tz=60&amp;u_his=9&amp;u_h=864&amp;u_w=1536&amp;u_ah=824&amp;u_aw=1536&amp;u_cd=24&amp;u_sd=1.25&amp;adx=270&amp;ady=1447&amp;biw=1519&amp;bih=684&amp;scr_x=0&amp;scr_y=0&amp;eid=44759876%2C44759927%2C31079965%2C95322434%2C31080658%2C95320869%2C95320894%2C95323006&amp;oid=2&amp;pvsid=1412573686917191&amp;tmod=256706911&amp;nvt=1&amp;ref=https%3A%2F%2Fwww.google.com%2F&amp;fc=1920&amp;brdim=-7%2C-7%2C-7%2C-7%2C1536%2C0%2C1550%2C838%2C1536%2C684&amp;vis=1&amp;rsz=%7C%7ClEebr%7C&amp;abl=CS&amp;pfx=0&amp;fu=128&amp;bc=31&amp;bz=1.01&amp;ifi=2&amp;uci=a!2&amp;btvi=1&amp;fsb=1&amp;dtd=2316\" name=\"aswift_1\" width=\"0\" height=\"0\" frameborder=\"0\" marginwidth=\"0\" marginheight=\"0\" scrolling=\"no\" sandbox=\"allow-forms allow-popups allow-popups-to-escape-sandbox allow-same-origin allow-scripts allow-top-navigation-by-user-activation\" data-google-container-id=\"a!2\" data-load-complete=\"true\" data-google-query-id=\"CNKnroG2iYQDFaDPuwgdpB4P6g\" data-mce-fragment=\"1\"><\/iframe><\/div>\n<p>&nbsp;<\/p>\n<\/div>\n<p>Predsjednik Hrvatske stranke prava BiH i Herceg Bosne Zrinko \u010cuvalo u intervjuu za Ve\u010dernji list nagla\u0161ava kako Hrvatski narodni sabor nema alternativu te je jedini ispravni na\u010din organiziranja kako se na demokratski na\u010din boriti i izboriti za prava Hrvatskoga naroda u Bosni i Hercegovini.<\/p>\n<p>\u2013 Prava su nam zasigurno ugro\u017eena i uskra\u0107ena, \u0161to zbog na\u0161ih propusta, \u0161to zbog te\u017enje drugih da nas kao narod isklju\u010de iz odlu\u010divanja kad je politi\u010dka i svaka druga vlast u pitanju, kako u BiH tako i u Federaciji BiH, kao i u Republici Srpskoj kao drugom entitetu \u2013 naglasio je \u010cuvalo. Navodi kako je u Daytonu postignut mir, odnosno zaustavljen rat oru\u017ejem, a nastavljen nekim drugim perfidnijim sredstvima. Upozorava i kako je u temelje tog mira ugra\u0111ena nepravda prema BiH kao cjelovitoj dr\u017eavi, a posebno je u\u010dinjena nepravda hrvatskom narodu. U pogledu djelovanja stranke nagla\u0161ava kako su klju\u010dni prioriteti prava\u0161tva osiguranje pravednog i istinski demokratskog dru\u0161tva, svih gra\u0111anskih i politi\u010dkih sloboda i prava, isklju\u010duju\u0107i svako propovijedanje i provedbu nasilja te rasne, nacionalne, vjerske ili ideolo\u0161ko-politi\u010dke mr\u017enje i nesno\u0161ljivosti. Isti\u010de i kako mu je velika \u010dast, ali i obveza biti predsjednik prava\u0161ke opcije i promicatelj velike prava\u0161ke ideje oca domovine dr. Ante Star\u010devi\u0107a. Kada je rije\u010d o onomu \u0161to nas \u010deka u idu\u0107em razdoblju, navodi kako je pred nama vrijeme pregovora, odnosno pristupanja Europskoj uniji.<\/p>\n<p>\u2013 Kad ka\u017eem \u201cnama\u201d, mislim na nas Hrvate i cijelu BiH, zemljopisno, ekonomski i politi\u010dki. \u010cinjenica je da smo mi Hrvati u BiH, u odnosu na druge, u prednosti zbog \u010dinjenice da smo mi ulaskom Republike Hrvatske u EU postali gra\u0111ani Europske unije \u2013 objasnio je \u010cuvalo.<\/p>\n<p>\u0160to se ti\u010de izmjene Izbornog zakona i legitimnog izbornog predstavljanja, HSP BiH i Herceg Bosne daje, naglasio je, punu potporu politici HNS-a i timu kolega koji vode pregovore oko ovog procesa na \u010delu s predsjednikom HNS-a Draganom \u010covi\u0107em.<\/p>\n<p>Podr\u017eavaju i tehni\u010dke izmjene uvo\u0111enjem novih tehnologija prilikom izbornog procesa, ali kada se za to steknu svi uvjeti. Upozorio je pak na situaciju u kojoj hrvatskom narodu njegova predstavnika u Predsjedni\u0161tvo BiH biraju pripadnici drugog naroda, u ovom slu\u010daju Bo\u0161njaci, pod izgovorom da ga biraju gra\u0111ani, a tako se u BiH, prema posljednjem popisu, izja\u0161njava manje od 2% stanovni\u0161tva.<\/p>\n<p><strong>Od 2022. godine na \u010delu ste HSP-a BiH i Herceg Bosne, politi\u010dkog subjekta koji je nastao ujedinjenjem dviju zna\u010dajnih prava\u0161kih opcija u zemlji. Kako je tekao va\u0161 politi\u010dki put?<\/strong><\/p>\n<p>\u2013 To\u010dno je da sam od 2022. godine na \u010delu Hrvatske stranke prava BiH i Herceg Bosne, kako ste i sami rekli, nastale spajanjem dviju prava\u0161kih opcija, a prije toga jedna od njih dvije spojila se s jo\u0161 jednom prava\u0161kom strankom, tako da je ova sada\u0161nja spoj triju prava\u0161kih opcija.<\/p>\n<p>Moje politi\u010dko djelovanje u prava\u0161tvu po\u010dinje aktivno 2006. godine u Temeljnom ogranku HSP-a u mom selu Proboj iako je prava\u0161ko razmi\u0161ljanje i djelovanje na osobnoj razini po\u010delo mnogo ranije. Naime, devedesetih godina, u nacionalnom zanosu i demokratskim promjenama, postao sam \u010dlan sveop\u0107eg hrvatskog pokreta pod nazivom Hrvatska demokratska zajednica. Uklju\u010dio sam se aktivno u obranu na\u0161ih hrvatskih prostora od samog po\u010detka rata u BiH u sastavu HVO-a. Prestao sam biti \u010dlan HDZ-a u vremenu nemilih i meni neprihvatljivih \u010dinjenica, a rije\u010d je o ubojstvima prava\u0161kih prvaka toga vremena. \u010casnih ljudi, istinskih domoljuba dr. Ante Parad\u017eika i Bla\u017ea Kraljevi\u0107a te njegove osmero\u010dlane pratnje. Meni, kao tada mladu \u010dovjeku, mogu re\u0107i politi\u010dki neukom, a pogotovo kao vjerniku katoliku, bio je neprihvatljiv ovakav na\u010din djelovanja tada\u0161nje demokratske vlasti. Ti doga\u0111aji nikako nisu doprinosili zajedni\u0161tvu i sveop\u0107oj pomirbi unutar hrvatskoga naroda, a ni stvaranja slobodnog i demokratskog dru\u0161tva, kako u Hrvatskoj tako i u Bosni i Hercegovini, te borbe protiv velikosrpske politike i vojne agresije takozvane JNA na Hrvatsku i Bosnu i Hercegovinu.<\/p>\n<p>Po zavr\u0161etku rata 1995. i u vremenu koje slijedi do 2006. razmi\u0161ljao sam, a i bilo mi je nu\u0111eno da se uklju\u010dim aktivno u Hrvatsku stranku prava. Nisam to u\u010dinio zato \u0161to je u tada\u0161njem vodstvu stranke bilo ljudi za koje sam smatrao da ne pripadaju prava\u0161tvu i to me odbijalo aktivno se uklju\u010diti. Ali 2006. odlu\u010dio sam se aktivirati kako bih istinski djelovao i promicao prava\u0161ka na\u010dela, \u0161to nije lako, ali je \u010dasno i tako po\u010dinje moj prava\u0161ki politi\u010dki put od predsjednika Ogranka do predsjednika stranke. Do\u017eivio sam na tom putu sva\u0161ta, polaze\u0107i od neshva\u0107anja, protivljenja mom na\u010dinu djelovanja, raznoraznih podmetanja, ismijavanja, kra\u0111e glasova na izborima unutar strana\u010dke liste za Gradsko vije\u0107e i ostalih negativnosti, \u0161to me nimalo nije obeshrabrilo, pa sve do podr\u0161ke i odobravanja, po\u0161tivanja mog na\u010dina djelovanja unutar stranke. Svojom uporno\u0161\u0107u i dosljedno\u0161\u0107u u promicanju i \u017eivljenju prava\u0161tva, uz podr\u0161ku kolega koji su iz istog razloga bili aktivni u stranci, do\u0161ao sam do mjesta predsjednika stranke, iako mi to veliki dio vremena provedenog u stranci nije bilo ni na kraj pameti. Ali na poticaj kolega iz stranke prihvatio sam taj izazov i mogu re\u0107i da mi je velika \u010dast, ali i obveza biti predsjednik prava\u0161ke opcije i promicatelj velike prava\u0161ke ideje oca domovine dr. Ante Star\u010devi\u0107a. U BiH djeluje jo\u0161 nekoliko prava\u0161kih opcija iako je uvijek aktualna pri\u010da kako bismo se trebali svi ujediniti i kao takvi djelovati u politi\u010dkom \u017eivotu svog hrvatskog naroda.<\/p>\n<p>Moje je mi\u0161ljenje, iako mi je to \u017eelja, da je to nemogu\u0107e zbog \u010dinjenice da se ljudi uklju\u010duju u politiku iz dvaju razloga. Jedan je osobni interes, a drugi je istinoljubivost i \u017eelja za op\u0107im dobrom, \u0161to je u prava\u0161kim opcijama najizra\u017eenije, a te dvije krajnosti ne mogu se nikako pomiriti pa zato i dolazi do \u010destih raskola unutar prava\u0161kih stranaka i stvaranja novih. Imam obi\u010daj re\u0107i da se u prava\u0161ke stranke uklju\u010duju dvije skupine ljudi, a to su osobno-interesna i druga, istinoljubiva op\u0107e-interesna, a u sve ostale stranke samo jedna skupina ljudi, a to je osobno-interesna pa tako kod ovih ostalih stranaka nema toliko raskola kao kod nas prava\u0161a. Da je prava\u0161 biti lako, prava\u0161 bi bio svatko.<\/p>\n<p><strong>Koji su klju\u010dni prioriteti u radu i djelovanju stranke?<\/strong><\/p>\n<blockquote><p>Smatramo da smo svi kao pripadnici hrvatskog naroda odgovorni za sada\u0161njost i budu\u0107nost, da svi do posljednjeg trebamo utjecati na kreiranje svoje sudbine, a to se sigurno mo\u017ee uraditi masovnim izlaskom na izbore<\/p><\/blockquote>\n<p>\u2013 Klju\u010dni prioriteti prava\u0161tva su osiguranje pravednog i istinski demokratskog dru\u0161tva, svih gra\u0111anskih i politi\u010dkih sloboda i prava, isklju\u010duju\u0107i svako propovijedanje i provedbu nasilja te rasne, nacionalne, vjerske ili ideolo\u0161ko-politi\u010dke mr\u017enje i nesno\u0161ljivosti. Upu\u0107ivanje na potrebu \u017eurnog mijenjanja na\u010dina funkcioniranja javnih i dru\u0161tvenih institucija, \u0161to br\u017ee smanjenje utjecaja politike na njihov rad, pogotovo utjecaja prilikom zapo\u0161ljavanja u te institucije da ne bude kriterij podobnost nego sposobnost. Nepravda koja se nanosi pojedincima na ovakav na\u010din veliki je uzrok odlaska i iseljavanja mladih ljudi iz Bosne i Hercegovine. To se mora promijeniti ako vlast istinski \u017eeli dobro svom narodu. Me\u0111u va\u017ene prioritete, ako ne i najva\u017enije, ubraja se za\u0161tita maj\u010dinstva i obitelji, promicanje pronatalitetne politike kako\u00a0bismo \u0161to prije do\u0161li iz negativnog u pozitivni prirodni prirast. Dobar je primjer i na dobrom je putu Zapadnohercegova\u010dka \u017eupanija, u \u010dijoj sam Skup\u0161tini i ja zastupnik Hrvatske stranke prava BiH i Herceg Bosne.<\/p>\n<p>Me\u0111u prioritetima su i briga za braniteljsku populaciju, \u010dlanove njihovih obitelji, za socijalno ugro\u017eene, hendikepirane osobe, bilo da su ratni ili civilni invalidi. Smatramo da je rje\u0161avanje ekolo\u0161kih pitanja prvorazredna zada\u0107a te se zala\u017eemo za smanjenje ili potpuno uklanjanje zaga\u0111enosti prirode. Op\u0107enito mi u Hrvatskoj stranci prava BiH i Herceg Bosne mislimo da mi Hrvati u BiH kao narod moramo napraviti pozitivne pomake koji se odnose na duhovnost i moral, odnosno na pravednost i po\u0161tenje, demografski se \u0161to prije moramo dovesti u pozitivu, kulturno i obrazovno se ja\u010dati, a tu je i ekonomski rast, na \u0161to ove prethodne tri to\u010dke imaju veliki utjecaj, a i sam ekonomski rast bez njih nema svrhu.<\/p>\n<p>Ni\u0161ta od toga ne\u0107emo mo\u0107i posti\u0107i ako ne budemo ljudi od istine i ljubavi, \u0161to moramo pokazati ne samo za govornicama nego i u stvarnom \u017eivotu te na\u0161im me\u0111usobnim odnosima.<\/p>\n<p><strong>Va\u0161a stranka je i \u010dlanica Hrvatskog narodnog sabora. U kojoj je mjeri va\u017eno imati jedno takvo nadstrana\u010dko tijelo koje \u0107e planirati, definirati i realizirati strate\u0161ke smjerove djelovanja hrvatske nacionalne politike u BiH?<\/strong><\/p>\n<p>\u2013 Hrvatska stranka prava BiH i Herceg Bosne je \u010dlanica HNS-a, kao i velika ve\u0107ina politi\u010dkih stranaka s hrvatskim predznakom u BiH. HNS nema alternativu, to je jedini ispravni na\u010din organiziranja kako se na demokratski na\u010din boriti i izboriti za prava hrvatskog naroda u Bosni i Hercegovini, a prava su nam zasigurno ugro\u017eena i uskra\u0107ena, \u0161to zbog vlastitih propusta, \u0161to zbog te\u017enje drugih da nas kao narod isklju\u010de iz odlu\u010divanja kad je politi\u010dka i svaka druga vlast u pitanju, kako u BiH tako i u Federaciji BiH, kao i u Republici Srpskoj kao drugom entitetu. Nositelji tih lo\u0161ih te\u017enji i malverzacija koje se \u010dine protiv hrvatskog naroda su politi\u010dka vodstva srpskog i bo\u0161nja\u010dkog naroda uz svesrdnu podr\u0161ku me\u0111unarodne zajednice odnosno visokog predstavnika. To svoje razmi\u0161ljanje potvr\u0111ujem \u010dinjenicom da je u Daytonu postignut mir, odnosno zaustavljen rat oru\u017ejem, a nastavljen nekim drugim perfidnijim sredstvima. I da je u temelje tog mira ugra\u0111ena nepravda prema BiH kao cjelovitoj dr\u017eavi, a posebno je u\u010dinjena nepravda hrvatskom narodu. Jer kako objasniti i opravdati uspostavu i legitimaciju RS-a stvorenog na zlo\u010dinu, odnosno genocidu, \u0161to je i presu\u0111eno u Haagu, istrebljenje i protjerivanje 95% hrvatskog naroda s prostora RS-a i masovne zlo\u010dine nad muslimanima, konkretno u Srebrenici, i ostalim dijelovima RS-a, a istodobno ukinuti Herceg Bosnu.<\/p>\n<p>Unutar HNS-a ima odre\u0111enih nesuglasica. One se uglavnom odnose na na\u010din odnosa najja\u010de stranke u Hrvata HDZ-a BiH prema ostalim strankama, iako tu u posljednje vrijeme ima pozitivnih pomaka, ali ne dovoljno brzom dinamikom kako bi to trebalo i kako, uostalom, stvarna situacija s terena i zahtijeva. Geslo, odnosno poruka HSP-a BiH i Herceg Bosne kad su u pitanju odnosi unutar HNS-a je \u201czajedni\u0161tvo u pravednosti\u201d, a nikako zajedni\u0161tvo u dosada\u0161njoj paradigmi, gdje pogodovanje, protekcija i druge stvari nanose nemjerljivu \u0161tetu hrvatskom narodu. Imamo kolega, odnosno politi\u010dkih opcija, koji svoje negodovanje iskazuju nedolaskom na sjednice Predsjedni\u0161tva HNS-a, \u0161to nikako ne mogu podr\u017eati i to smatram svojevrsnim kukavi\u010dlukom. Treba dolaziti i ustrajno se boriti za bolje. Samo kako bi bilo bolje i kako bi se ne\u0161to lije\u010dilo, treba uspostaviti dijagnozu te primijeniti lijek. Nedolaskom na sjednice Predsjedni\u0161tva ne mo\u017eemo doznati dijagnozu, a samim time ne mo\u017eemo koristiti ni lijek. Lijek je tu da ubije bolest, da bude bolji i ja\u010di od bolesti. Ako poku\u0161avamo otrovom lije\u010diti,<\/p>\n<p>Herceg Bosne mislimo da mi Hrvati u BiH kao narod moramo napraviti pozitivne pomake koji se odnose na duhovnost i moral, odnosno na pravednost i po\u0161tenje, demografski se \u0161to prije moramo dovesti u pozitivu, kulturno i obrazovno se ja\u010dati, a tu je i ekonomski rast samo \u0107emo ubrzati propast. Tako i u ovom slu\u010daju kolege poku\u0161avaju lo\u0161e stanje izlije\u010diti jo\u0161 lo\u0161ijim postupcima. Tako ne\u0107e i\u0107i.<\/p>\n<p><strong>Pred BiH su zna\u010dajne obveze koje treba realizirati u sklopu europskog puta zemlje, a me\u0111u ostalima, tu je i izmjena izbornog zakonodavstva. Kakvi su stavovi HSP-a BiH i HB kada govorimo o zahtjevima hrvatske strane za legitimnim politi\u010dkim predstavljanjem?<\/strong><\/p>\n<p>\u2013 Pred nama je vrijeme pregovora, odnosno pristupanja Europskoj uniji. Kad ka\u017eem \u201cnama\u201d, mislim na nas Hrvate i cijelu BiH, zemljopisno, ekonomski i politi\u010dki. \u010cinjenica je da smo mi Hrvati u BiH u odnosu na druge u prednosti jer smo ulaskom Republike Hrvatske u EU postali gra\u0111ani Europske unije. Republici Hrvatskoj trebalo je desetak godina kako bi stekla uvjete za ulazak u EU, koliko \u0107e trebati BiH, samo Bog zna. Od nama Hrvatima u BiH sigurno ne\u0107e mnogo ovisiti, a niti bismo se mi, po mom skromnom mi\u0161ljenju, trebali previ\u0161e zamarati time. Moje mi\u0161ljenje je da samim ulaskom u EU mo\u017eemo mnogo dobiti u ekonomskom smislu, ali, isto tako, postoji velika opasnost da izgubimo i ovo malo slobode \u0161to nam je od nje ostalo. \u0160to se ti\u010de izmjene Izbornog zakona i legitimnog izbornog predstavljanja, HSP BiH i Herceg Bosne daje punu potporu politici HNS-a i timu kolega koji vode pregovore oko ovog procesa na \u010delu s predsjednikom HNS-a gospodinom Draganom \u010covi\u0107em.<\/p>\n<p>Podr\u017eavamo i tehni\u010dke izmjene uvo\u0111enjem novih tehnologija prilikom izbornog procesa, ali kada se za to steknu svi uvjeti koji mogu jam\u010diti puni integritet izbornog procesa kad su u pitanju prijevare bilo koje vrste i ja\u010dine. Ali, ima li ve\u0107e prijevare od one da hrvatskom narodu njegova predstavnika u Predsjedni\u0161tvo BiH biraju pripadnici drugog naroda, u ovome slu\u010daju Bo\u0161njaci, pod izgovorom da ga biraju gra\u0111ani, a tako se u BiH, prema posljednjem popisu, izja\u0161njava manje od 2% stanovni\u0161tva. \u0160to je negdje oko 60.000. Pa otkuda onda uzurpatoru Kom\u0161i\u0107u nekoliko stotina tisu\u0107a glasova. Bo\u0161njacima kao narodu ova \u010dinjenica ne slu\u017ei na \u010dast jer onaj koji vara i krade ne misli dobro ni drugome ni sebi.<\/p>\n<blockquote><p>Ima li ve\u0107e prijevare od one da hrvatskom narodu njegova predstavnika u Predsjedni\u0161tvo BiH biraju pripadnici drugog naroda<\/p>\n<p>HNS nema alternativu, to je jedini ispravni na\u010din organiziranja kako se na demokratski na\u010din boriti i izboriti za prava\u00a0Hrvata u BiH<\/p><\/blockquote>\n<p><strong>Mo\u017ee li se u BiH napraviti klju\u010dni iskorak predstavnika triju naroda u pogledu nekih zajedni\u010dkih prioriteta \u010dijim ispunjenjem ova zemlja mo\u017ee postati dio Europske unije?<\/strong><br \/>\n\u2013 Iskorak predstavnika triju konstitutivnih naroda u pogledu nekih zajedni\u010dkih prioriteta \u010dijim ispunjenjem BiH mo\u017ee postati dio EU mogu\u0107 je samo ako predstavnici naroda, sada \u0107e ovo zvu\u010dati malo paradoksalno, ali mislim da je tako, budu vi\u0161e politi\u010dki prava\u0161i, bez obzira na strana\u010dku i narodnu pripadnost. Otac domovine dr. Ante Star\u010devi\u0107 je rekao: \u201cNe uskratiti ono \u0161to se ne mo\u017ee uskratiti i ne jadikovati za onim \u0161to se ne mo\u017ee povratiti\u201d. Kada bi se svi dr\u017eali ovoga gesla, sve bi bilo druga\u010dije i odnosi bi se relaksirali do te razine da bi nas vodili u svaki prosperitet.<\/p>\n<p><strong>Ova godina nam donosi i lokalne izbore. Kako se va\u0161a stranka priprema za navedeni proces?<\/strong><\/p>\n<p>\u2013 Izborna je godina kad su u pitanju lokalni izbori u BiH, a za nas Hrvate i izbori za Europski parlament i Hrvatski dr\u017eavni sabor, gdje \u0107emo mi, kao pripadnici hrvatskog naroda i kao gra\u0111ani EU-a, \u0161to nam je omogu\u0107ilo dvojno dr\u017eavljanstvo RH i BiH, isto tako sudjelovati i pripremati se dosljednom prava\u0161kom politikom i zagovaranjem odgovornosti i ozbiljnosti kad su politi\u010dki procesi u pitanju, pa tako i izbori. Smatramo da smo svi kao pripadnici hrvatskog naroda odgovorni za sada\u0161njost i budu\u0107nost, da svi do posljednjeg trebamo utjecati na kreiranje svoje sudbine, a to se sigurno mo\u017ee uraditi masovnim izlaskom na izbore i biranjem po savjesti, vo\u0111eni borbom za istinu i ljubavlju prema Bogu i svome \u00a0narodu.<\/p>\n<p>&nbsp;<\/p>\n<p style=\"text-align: right;\">vecernji list \/ ljportal<\/p>\n","protected":false},"excerpt":{"rendered":"<p>Predsjednik Hrvatske stranke prava BiH i Herceg Bosne Zrinko \u010cuvalo Ovo svoje razmi\u0161ljanje potvr\u0111ujem \u010dinjenicom da je u Daytonu postignut<\/p>\n","protected":false},"author":2,"featured_media":351,"comment_status":"closed","ping_status":"closed","sticky":false,"template":"","format":"standard","meta":{"footnotes":""},"categories":[4],"tags":[],"class_list":["post-350","post","type-post","status-publish","format-standard","has-post-thumbnail","hentry","category-vijesti"],"_links":{"self":[{"href":"https:\/\/radisici.ba\/index.php?rest_route=\/wp\/v2\/posts\/350","targetHints":{"allow":["GET"]}}],"collection":[{"href":"https:\/\/radisici.ba\/index.php?rest_route=\/wp\/v2\/posts"}],"about":[{"href":"https:\/\/radisici.ba\/index.php?rest_route=\/wp\/v2\/types\/post"}],"author":[{"embeddable":true,"href":"https:\/\/radisici.ba\/index.php?rest_route=\/wp\/v2\/users\/2"}],"replies":[{"embeddable":true,"href":"https:\/\/radisici.ba\/index.php?rest_route=%2Fwp%2Fv2%2Fcomments&post=350"}],"version-history":[{"count":2,"href":"https:\/\/radisici.ba\/index.php?rest_route=\/wp\/v2\/posts\/350\/revisions"}],"predecessor-version":[{"id":353,"href":"https:\/\/radisici.ba\/index.php?rest_route=\/wp\/v2\/posts\/350\/revisions\/353"}],"wp:featuredmedia":[{"embeddable":true,"href":"https:\/\/radisici.ba\/index.php?rest_route=\/wp\/v2\/media\/351"}],"wp:attachment":[{"href":"https:\/\/radisici.ba\/index.php?rest_route=%2Fwp%2Fv2%2Fmedia&parent=350"}],"wp:term":[{"taxonomy":"category","embeddable":true,"href":"https:\/\/radisici.ba\/index.php?rest_route=%2Fwp%2Fv2%2Fcategories&post=350"},{"taxonomy":"post_tag","embeddable":true,"href":"https:\/\/radisici.ba\/index.php?rest_route=%2Fwp%2Fv2%2Ftags&post=350"}],"curies":[{"name":"wp","href":"https:\/\/api.w.org\/{rel}","templated":true}]}}