{"id":347,"date":"2024-01-31T20:19:51","date_gmt":"2024-01-31T19:19:51","guid":{"rendered":"https:\/\/radisici.ba\/?p=347"},"modified":"2024-01-31T20:19:51","modified_gmt":"2024-01-31T19:19:51","slug":"otkriven-uzrok-pucanja-poznato-je-i-kad-ce-radovi-na-mostu-pocitelj-biti-zavrseni","status":"publish","type":"post","link":"https:\/\/radisici.ba\/?p=347","title":{"rendered":"Otkriven uzrok pucanja: Poznato je i kad \u0107e radovi na mostu Po\u010ditelj biti zavr\u0161eni"},"content":{"rendered":"<p>Autocesta, kad bude u punoj funkciji, povezat \u0107e Bosnu i Hercegovinu s Europom, u\u010dinit \u0107e Bosnu i Hercegovinu dostupnijom, samim tim atraktivnijom i, naravno, konkurentnijom zemljom u gospodarskom sektoru.<\/p>\n<div class=\"ZTlgbuSf\"><\/div>\n<p>U tijeku je sanacija najve\u0107eg i najdu\u017eeg mosta na Koridoru 5C. Na izuzetno zahtjevom mostu preko Neretve u Po\u010ditelju pro\u0161le godine su otkrivene pukotine. No, kako pi\u0161e HRT, otkrivene napukline ne ugro\u017eavaju stabilnost mosta.<\/p>\n<p>\u2013 Tako da je izvo\u0111a\u010d trenutno u procesu otklanjanja pote\u0161ko\u0107a na mostu Po\u010ditelj, koji bi s pristupnom cestom otvorili, odnosno stavili u funkciju u travnju, odnosno maksimalno do 1. svibnja ove godine, ka\u017ee Denis Lasi\u0107, direktor JP Autoceste Federacije BiH.<\/p>\n<p>Navodno je ugra\u0111ena \u010deli\u010dna u\u017ead utjecala na pojavu pukotina u zakrivljenom mostu, \u0161to se ipak mo\u017ee popraviti. Izgradnja autoceste u Hercegovini nastavlja se. U sljede\u0107e tri godine o\u010dekuje se zavr\u0161etak svih radova i na ostalim dionicama.<\/p>\n<div class=\"r3ghuOj4\">\n<div id=\"content_v2\"><\/div>\n<\/div>\n<p>\u2013 Hercegovina, odnosno ovaj ju\u017eni dio, bio je zapostavljen \u0161to se ti\u010de same izgradnje. Bit \u0107e to jedno veliko gradili\u0161te u nekih 35 do 40 km idu\u0107e tri godine, dodaje Lasi\u0107.<\/p>\n<p>Izgradnjom dionice Koridora 5C Hercegovina \u0107e se kvalitetnije povezati s jadranskim lukama, Dalmacijom, prenosi Biznisinfo.<\/p>\n<p>\u2013 Autocesta, kad bude u punoj funkciji, povezat \u0107e Bosnu i Hercegovinu s Europom, u\u010dinit \u0107e Bosnu i Hercegovinu dostupnijom, samim tim atraktivnijom i, naravno, konkurentnijom zemljom u gospodarstvu, ka\u017ee prof. dr. sc. Marko \u0160anti\u0107, predsjednik Gospodarske komore FBiH.<\/p>\n<div class=\"uBnnOjep\">\n<div id=\"content_v3\"><\/div>\n<\/div>\n<p>Most kod Po\u010ditelja sre\u0107om nije klju\u010dno o\u0161te\u0107en, \u0161to bi odu\u017eilo radove, tvrde gra\u0111evinski stru\u010dnjaci s kojima su novinari HRT-a razgovarali. Zavr\u0161etak izgradnje kompletnog Koridora 5C kroz BiH o\u010dekuje se po\u010detkom 2030.<\/p>\n","protected":false},"excerpt":{"rendered":"<p>Autocesta, kad bude u punoj funkciji, povezat \u0107e Bosnu i Hercegovinu s Europom, u\u010dinit \u0107e Bosnu i Hercegovinu dostupnijom, samim<\/p>\n","protected":false},"author":2,"featured_media":348,"comment_status":"closed","ping_status":"closed","sticky":false,"template":"","format":"standard","meta":{"footnotes":""},"categories":[4],"tags":[],"class_list":["post-347","post","type-post","status-publish","format-standard","has-post-thumbnail","hentry","category-vijesti"],"_links":{"self":[{"href":"https:\/\/radisici.ba\/index.php?rest_route=\/wp\/v2\/posts\/347","targetHints":{"allow":["GET"]}}],"collection":[{"href":"https:\/\/radisici.ba\/index.php?rest_route=\/wp\/v2\/posts"}],"about":[{"href":"https:\/\/radisici.ba\/index.php?rest_route=\/wp\/v2\/types\/post"}],"author":[{"embeddable":true,"href":"https:\/\/radisici.ba\/index.php?rest_route=\/wp\/v2\/users\/2"}],"replies":[{"embeddable":true,"href":"https:\/\/radisici.ba\/index.php?rest_route=%2Fwp%2Fv2%2Fcomments&post=347"}],"version-history":[{"count":1,"href":"https:\/\/radisici.ba\/index.php?rest_route=\/wp\/v2\/posts\/347\/revisions"}],"predecessor-version":[{"id":349,"href":"https:\/\/radisici.ba\/index.php?rest_route=\/wp\/v2\/posts\/347\/revisions\/349"}],"wp:featuredmedia":[{"embeddable":true,"href":"https:\/\/radisici.ba\/index.php?rest_route=\/wp\/v2\/media\/348"}],"wp:attachment":[{"href":"https:\/\/radisici.ba\/index.php?rest_route=%2Fwp%2Fv2%2Fmedia&parent=347"}],"wp:term":[{"taxonomy":"category","embeddable":true,"href":"https:\/\/radisici.ba\/index.php?rest_route=%2Fwp%2Fv2%2Fcategories&post=347"},{"taxonomy":"post_tag","embeddable":true,"href":"https:\/\/radisici.ba\/index.php?rest_route=%2Fwp%2Fv2%2Ftags&post=347"}],"curies":[{"name":"wp","href":"https:\/\/api.w.org\/{rel}","templated":true}]}}