{"id":344,"date":"2024-01-31T20:12:59","date_gmt":"2024-01-31T19:12:59","guid":{"rendered":"https:\/\/radisici.ba\/?p=344"},"modified":"2024-01-31T20:12:59","modified_gmt":"2024-01-31T19:12:59","slug":"emsc-objavio-da-je-hercegovinu-pogodio-potres-pa-se-ispravili-vjerojatno-je-lazna-detekcija","status":"publish","type":"post","link":"https:\/\/radisici.ba\/?p=344","title":{"rendered":"EMSC objavio da je Hercegovinu pogodio potres, pa se ispravili: Vjerojatno je la\u017ena detekcija"},"content":{"rendered":"<div>Slabiji potres pogodio je u srijedu u 19 sati Hercegovinu, priop\u0107ila je stranica EMSC, koja se bavi pra\u0107enjem potresa diljem svijeta.<\/div>\n<div><\/div>\n<div>\n<div>Kako su napisali na stranici, jo\u0161 uvijek nije poznata snaga potresa kao ni to\u010dno mjesto udara.<\/div>\n<div>Nedugo nakon objave, na stranici su ipak poru\u010dili kako se vjerojatno radi o la\u017enoj detekciji. &#8220;Nemamo podataka koji potvr\u0111uju ovu masovnu detekciju.<\/div>\n<div>Vjerojatno je bila la\u017ena detekcija&#8221;, napisali su na svojoj stranici.<\/div>\n<\/div>\n<blockquote class=\"twitter-tweet\">\n<p dir=\"ltr\" lang=\"en\"><a href=\"https:\/\/twitter.com\/hashtag\/Earthquake?src=hash&amp;ref_src=twsrc%5Etfw\">#Earthquake<\/a> (<a href=\"https:\/\/twitter.com\/hashtag\/zemljotres?src=hash&amp;ref_src=twsrc%5Etfw\">#zemljotres<\/a>) possibly felt 36 sec ago in <a href=\"https:\/\/twitter.com\/hashtag\/Bosnia?src=hash&amp;ref_src=twsrc%5Etfw\">#Bosnia<\/a>&amp;Herzegovina. Felt it? Tell us via:<br \/>\n\ud83d\udcf1<a href=\"https:\/\/t.co\/IbUfG7TFOL\">https:\/\/t.co\/IbUfG7TFOL<\/a><br \/>\n\ud83c\udf10<a href=\"https:\/\/t.co\/AXvOM7I4Th\">https:\/\/t.co\/AXvOM7I4Th<\/a><br \/>\n\ud83d\udda5<a href=\"https:\/\/t.co\/wPtMW5ND1t\">https:\/\/t.co\/wPtMW5ND1t<\/a><br \/>\n\u26a0 Automatic crowdsourced detection, not seismically verified yet. More info soon! <a href=\"https:\/\/t.co\/ArFtM6ceWS\">pic.twitter.com\/ArFtM6ceWS<\/a><\/p>\n<p>\u2014 EMSC (@LastQuake) <a href=\"https:\/\/twitter.com\/LastQuake\/status\/1752753879261782444?ref_src=twsrc%5Etfw\">January 31, 2024<\/a><\/p><\/blockquote>\n<p><script async src=\"https:\/\/platform.twitter.com\/widgets.js\" charset=\"utf-8\"><\/script><\/p>\n","protected":false},"excerpt":{"rendered":"<p>Slabiji potres pogodio je u srijedu u 19 sati Hercegovinu, priop\u0107ila je stranica EMSC, koja se bavi pra\u0107enjem potresa diljem<\/p>\n","protected":false},"author":2,"featured_media":345,"comment_status":"closed","ping_status":"closed","sticky":false,"template":"","format":"standard","meta":{"footnotes":""},"categories":[4],"tags":[],"class_list":["post-344","post","type-post","status-publish","format-standard","has-post-thumbnail","hentry","category-vijesti"],"_links":{"self":[{"href":"https:\/\/radisici.ba\/index.php?rest_route=\/wp\/v2\/posts\/344","targetHints":{"allow":["GET"]}}],"collection":[{"href":"https:\/\/radisici.ba\/index.php?rest_route=\/wp\/v2\/posts"}],"about":[{"href":"https:\/\/radisici.ba\/index.php?rest_route=\/wp\/v2\/types\/post"}],"author":[{"embeddable":true,"href":"https:\/\/radisici.ba\/index.php?rest_route=\/wp\/v2\/users\/2"}],"replies":[{"embeddable":true,"href":"https:\/\/radisici.ba\/index.php?rest_route=%2Fwp%2Fv2%2Fcomments&post=344"}],"version-history":[{"count":1,"href":"https:\/\/radisici.ba\/index.php?rest_route=\/wp\/v2\/posts\/344\/revisions"}],"predecessor-version":[{"id":346,"href":"https:\/\/radisici.ba\/index.php?rest_route=\/wp\/v2\/posts\/344\/revisions\/346"}],"wp:featuredmedia":[{"embeddable":true,"href":"https:\/\/radisici.ba\/index.php?rest_route=\/wp\/v2\/media\/345"}],"wp:attachment":[{"href":"https:\/\/radisici.ba\/index.php?rest_route=%2Fwp%2Fv2%2Fmedia&parent=344"}],"wp:term":[{"taxonomy":"category","embeddable":true,"href":"https:\/\/radisici.ba\/index.php?rest_route=%2Fwp%2Fv2%2Fcategories&post=344"},{"taxonomy":"post_tag","embeddable":true,"href":"https:\/\/radisici.ba\/index.php?rest_route=%2Fwp%2Fv2%2Ftags&post=344"}],"curies":[{"name":"wp","href":"https:\/\/api.w.org\/{rel}","templated":true}]}}