{"id":329,"date":"2024-01-30T21:50:53","date_gmt":"2024-01-30T20:50:53","guid":{"rendered":"https:\/\/radisici.ba\/?p=329"},"modified":"2024-01-30T21:50:53","modified_gmt":"2024-01-30T20:50:53","slug":"milas-trebamo-kolektivno-i-javno-sramotiti-drzavne-uhljebe","status":"publish","type":"post","link":"https:\/\/radisici.ba\/?p=329","title":{"rendered":"Milas: Trebamo kolektivno i javno sramotiti dr\u017eavne uhljebe"},"content":{"rendered":"<div>Odgovaraju\u0107i na pitanje kako bi rije\u0161io probleme koje imamo u BiH, Milas je naveo da je to pitanje za Nobela te da njega BiH u globalu ne zanima, nego ga zanima konkretan \u010dovjek u ovoj zemlji.<\/div>\n<div><\/div>\n<div>&#8221;Ja se bavim mikro kozmosom. BiH me u globalu ne zanima, zanima me konkretan \u010dovjek u ovoj zemlji. Vjerujem u \u010dovjeka koji radi \u010duda svaki dan, koji se bori i pre\u017eivljava, to je ne\u0161to na \u0161to mogu utjecati. Mislim da je nostalgija jako \u0161tetna emocija, odbijam \u017eivjeti sada i bje\u017eim u pro\u0161lost, ili u budu\u0107nost. Treba \u017eivjeti samo u ovom trenutku. Ljudi koji nemaju budu\u0107nost oni se sekiraju oko pro\u0161losti&#8221;, rekao je.<\/div>\n<div><\/div>\n<div>Govore\u0107i u ulasku BiH u EU, Milas je naveo kako ovo dru\u0161tvo ima dosta problema, poput korupcije, nepotizma\u2026te smatra kako \u0107emo ih te\u0161ko iskorijeniti. &#8221;To je u\u0161lo u ljude. Trebamo kolektivno i javno sramotiti dr\u017eavne uhljebe.<\/div>\n<div><\/div>\n<div>To su ljudi koji nama dugoro\u010dno \u0161tete. Mi imamo novaca, no trebamo ih druga\u010dije rasporediti. Poznajem te ljude, oni vjeruju da su na\u0161i spasitelji, da im mi trebamo biti zahvalni jer su tu. Iz perspektive Hrvata, nama nisu problem Bo\u0161njaci&#8221;, naveo je.<\/div>\n<div><\/div>\n<div>Kao neke od problema na\u0161e zemlje naveo je nedostatak efikasne pravne dr\u017eave, odnosno \u010dinjenicu da imamo fantasti\u010dne zakone, samo je problem \u0161to ih ne provodimo.<\/div>\n<div><\/div>\n<div>\u010citav podcast pogledajte u nastavku\u2026<\/div>\n<div><\/div>\n<p style=\"text-align: center;\"><iframe loading=\"lazy\" style=\"border: none; overflow: hidden;\" src=\"https:\/\/www.facebook.com\/plugins\/video.php?height=314&amp;href=https%3A%2F%2Fwww.facebook.com%2Fbljesak.info%2Fvideos%2F940792734387539%2F&amp;show_text=false&amp;width=560&amp;t=0\" width=\"560\" height=\"314\" frameborder=\"0\" scrolling=\"no\" allowfullscreen=\"allowfullscreen\"><\/iframe><\/p>\n<p>&nbsp;<\/p>\n<div style=\"text-align: right;\"><a href=\"http:\/\/Bljesak.info - Pro\u010ditajte vi\u0161e na: https:\/\/bljesak.info\/vijesti\/flash\/milas-trebamo-kolektivno-i-javno-sramotiti-drzavne-uhljebe\/444992\" target=\"_blank\" rel=\"noopener\">Bljesak.info<\/a><\/div>\n","protected":false},"excerpt":{"rendered":"<p>Odgovaraju\u0107i na pitanje kako bi rije\u0161io probleme koje imamo u BiH, Milas je naveo da je to pitanje za Nobela<\/p>\n","protected":false},"author":2,"featured_media":330,"comment_status":"closed","ping_status":"closed","sticky":false,"template":"","format":"standard","meta":{"footnotes":""},"categories":[4],"tags":[],"class_list":["post-329","post","type-post","status-publish","format-standard","has-post-thumbnail","hentry","category-vijesti"],"_links":{"self":[{"href":"https:\/\/radisici.ba\/index.php?rest_route=\/wp\/v2\/posts\/329","targetHints":{"allow":["GET"]}}],"collection":[{"href":"https:\/\/radisici.ba\/index.php?rest_route=\/wp\/v2\/posts"}],"about":[{"href":"https:\/\/radisici.ba\/index.php?rest_route=\/wp\/v2\/types\/post"}],"author":[{"embeddable":true,"href":"https:\/\/radisici.ba\/index.php?rest_route=\/wp\/v2\/users\/2"}],"replies":[{"embeddable":true,"href":"https:\/\/radisici.ba\/index.php?rest_route=%2Fwp%2Fv2%2Fcomments&post=329"}],"version-history":[{"count":1,"href":"https:\/\/radisici.ba\/index.php?rest_route=\/wp\/v2\/posts\/329\/revisions"}],"predecessor-version":[{"id":331,"href":"https:\/\/radisici.ba\/index.php?rest_route=\/wp\/v2\/posts\/329\/revisions\/331"}],"wp:featuredmedia":[{"embeddable":true,"href":"https:\/\/radisici.ba\/index.php?rest_route=\/wp\/v2\/media\/330"}],"wp:attachment":[{"href":"https:\/\/radisici.ba\/index.php?rest_route=%2Fwp%2Fv2%2Fmedia&parent=329"}],"wp:term":[{"taxonomy":"category","embeddable":true,"href":"https:\/\/radisici.ba\/index.php?rest_route=%2Fwp%2Fv2%2Fcategories&post=329"},{"taxonomy":"post_tag","embeddable":true,"href":"https:\/\/radisici.ba\/index.php?rest_route=%2Fwp%2Fv2%2Ftags&post=329"}],"curies":[{"name":"wp","href":"https:\/\/api.w.org\/{rel}","templated":true}]}}