{"id":312,"date":"2024-01-28T20:48:21","date_gmt":"2024-01-28T19:48:21","guid":{"rendered":"https:\/\/radisici.ba\/?p=312"},"modified":"2024-01-28T20:48:21","modified_gmt":"2024-01-28T19:48:21","slug":"poljoprivrednici-odustaju-od-proizvodnje-u-jesenskoj-sjetvi-manje-povrsina-zasijano-zitom","status":"publish","type":"post","link":"https:\/\/radisici.ba\/?p=312","title":{"rendered":"Poljoprivrednici odustaju od proizvodnje, u jesenskoj sjetvi manje povr\u0161ina zasijano \u017eitom"},"content":{"rendered":"<p>Lo\u0161e vremene prilike koje su prepolovile dosada\u0161nji urod kultura, male otkupne cijene\u2026 samo su neki od razloga sve ve\u0107eg pada poljoprivredne proizvodnje. &#8211; S ovakvom cijenom repromaterijala, ali i trenuta\u010dnom tr\u017ei\u0161nom cijenom p\u0161enice, ali i kukuruza te mesa, tu nema matematike. Ljudi se hvataju za glavu, jednostavno odustaju od proizvodnje jer nemaju drugog izbora &#8211; upozoravaju poljoprivrednici, pi\u0161e <strong>Ve\u010dernji list BiH<\/strong>.<\/p>\n<p>&nbsp;<\/p>\n<p><strong>Skupine usjeva<\/strong><\/p>\n<p>Da je poljoprivredna proizvodnja sve vi\u0161e u padu, pokazuje dokument \u201cZasijane povr\u0161ine u jesenskoj sjetvi u 2023.\u201d objavljen na stranici Federalnog zavoda za statistiku, u kojem stoji kako je u jesenskoj sjetvi u 2023. godini u Federaciji Bosne i Hercegovine zasijano 31.430 hektara, \u0161to je manje za 1,3 posto u odnosu na jesensku sjetvu u 2022. godini. Gledano po skupinama usjeva, zasijana povr\u0161ina \u017eitima manja je za 2,1 posto, a industrijskog bilja manja je za 21,6 posto, dok je sjetva povrtnog bilja ve\u0107a za 0,9 posto, a sto\u010dnog krmnog bilja ve\u0107a za 5,7 posto u odnosu na jesensku sjetvu u 2022. godini. Zasijana povr\u0161ina ozimom p\u0161enicom u 2023. godini manja je za 1,4 posto u odnosu na 2022. godinu. \u017dita je ove godine, stoji u podacima, zasijano na 26.662 hektara, a godinu prije na 27.223 hektara. Ozime p\u0161enice u pro\u0161logodi\u0161njoj jesenskoj sjetvi zasijano je na povr\u0161ini od 16.479 hektara, a godinu prije na 16.710 hektara. Manje je i ra\u017ei ozime. S 1488 hektara, koliko je zauzela na povr\u0161ini u jesenskoj sjetvi u 2022., godinu poslije ta povr\u0161ina bila je 1406 hektara. Proizvodnja je\u010dma pala je s 4000 hektara na 3680 hektara, a industrijskog bilja s 227 hektara na 178 hektara, navodi se, me\u0111u ostalim, u dokumentu. Podaci o zasijanim povr\u0161inama u jesenskoj sjetvi prikupljaju se redovitim statisti\u010dkim istra\u017eivanjem \u201cIzvje\u0161\u0107e o zasijanim povr\u0161inama u jesenskoj sjetvi u 2021. godini\u201d.<\/p>\n<div class=\"js-linkerInArticle\" data-linker-position=\"None\"><\/div>\n<p><strong>Preskupi materijali<\/strong><\/p>\n<div id=\"inArticlePreroll_container\" class=\"article__video_wrap video\">\n<div id=\"inArticlePreroll\" class=\"video-js vjs-controls-disabled vjs-workinghover vjs-v7 inArticlePreroll-dimensions vjs-has-started vjs-user-inactive vjs-paused\" lang=\"hr\" tabindex=\"-1\" role=\"region\" aria-label=\"Video Player\">\n<div class=\"vjs-text-track-display\" aria-live=\"off\" aria-atomic=\"true\">\n<div><\/div>\n<\/div>\n<\/div>\n<\/div>\n<p>Manje zasijanih povr\u0161ina ranije je komentirao i Ned\u017ead Bi\u0107o, predsjednik Udruge poljoprivrednika Federacije Bosne i Hercegovine. &#8211; Nije bilo ki\u0161e, \u0161to je prouzro\u010dilo nedostatak vlage u zemlji, pa su se neke parcele morale po dva, tri puta preoravati i usitnjavati. Gore od toga su preskupe cijene goriva, sjemena i gnojiva &#8211; komentirao je ranije Bi\u0107o. Kako su naveli iz Udruge poljoprivrednika FBiH, u 2022. sjetva p\u0161enice ura\u0111ena je po katastrofalno visokim cijenama goriva, sjemena, gnojiva, za\u0161tite, a onda je vrijeme sve uni\u0161tilo. &#8211; Do 60 posto rod je bio manji, a otkupna cijena izme\u0111u 30 &#8211; 35 feninga, pa kilogram p\u0161enice nije mogao \u201cpoklopiti\u201d zasijani kilogram \u017eitarice &#8211; komentirao je Bi\u0107o ranije za Faktor. Manje zasijanih povr\u0161ina p\u0161enicom pove\u0107at \u0107e, kazao Bi\u0107o, uvoz te \u017eitarice, a moglo bi se dogoditi u mjesecima koji su pred nama da do\u0111e do pove\u0107anja cijena kruha te ostalih pekarskih proizvoda. &#8211; Mi svakako uvozimo. Ta 2022. godina je, zbog nemara i nevremena, bila katastrofalna po pitanju prinosa p\u0161enice. Prinosi su za 50 posto manji, a kvaliteta katastrofalno lo\u0161a. Ne znam da smo imali doma\u0107ih prinosa od 15 do 20 posto najvi\u0161e, sve ostalo je iz uvoza &#8211; komentirao je ranije Bi\u0107o.<\/p>\n<div id=\"bb-iawr-vecernji_hr_instream-1671554998811471\" class=\"bb_iawr\">\n<div id=\"bb-wr-vecernji_hr_instream-1671554998811471\" class=\"bb-media bb_wrapper bb-muted bb-phase-main bb-mode-video bb-state-paused\" data-softembargoremainingtime=\"0\" data-sid=\"sk1s6ZYXJWOn\" data-currenttime=\"0\" data-duration=\"36\" data-isready=\"true\" data-autoplaynextremainingtime=\"0\"><\/div>\n<\/div>\n","protected":false},"excerpt":{"rendered":"<p>Lo\u0161e vremene prilike koje su prepolovile dosada\u0161nji urod kultura, male otkupne cijene\u2026 samo su neki od razloga sve ve\u0107eg pada<\/p>\n","protected":false},"author":2,"featured_media":313,"comment_status":"closed","ping_status":"closed","sticky":false,"template":"","format":"standard","meta":{"footnotes":""},"categories":[4],"tags":[],"class_list":["post-312","post","type-post","status-publish","format-standard","has-post-thumbnail","hentry","category-vijesti"],"_links":{"self":[{"href":"https:\/\/radisici.ba\/index.php?rest_route=\/wp\/v2\/posts\/312","targetHints":{"allow":["GET"]}}],"collection":[{"href":"https:\/\/radisici.ba\/index.php?rest_route=\/wp\/v2\/posts"}],"about":[{"href":"https:\/\/radisici.ba\/index.php?rest_route=\/wp\/v2\/types\/post"}],"author":[{"embeddable":true,"href":"https:\/\/radisici.ba\/index.php?rest_route=\/wp\/v2\/users\/2"}],"replies":[{"embeddable":true,"href":"https:\/\/radisici.ba\/index.php?rest_route=%2Fwp%2Fv2%2Fcomments&post=312"}],"version-history":[{"count":2,"href":"https:\/\/radisici.ba\/index.php?rest_route=\/wp\/v2\/posts\/312\/revisions"}],"predecessor-version":[{"id":316,"href":"https:\/\/radisici.ba\/index.php?rest_route=\/wp\/v2\/posts\/312\/revisions\/316"}],"wp:featuredmedia":[{"embeddable":true,"href":"https:\/\/radisici.ba\/index.php?rest_route=\/wp\/v2\/media\/313"}],"wp:attachment":[{"href":"https:\/\/radisici.ba\/index.php?rest_route=%2Fwp%2Fv2%2Fmedia&parent=312"}],"wp:term":[{"taxonomy":"category","embeddable":true,"href":"https:\/\/radisici.ba\/index.php?rest_route=%2Fwp%2Fv2%2Fcategories&post=312"},{"taxonomy":"post_tag","embeddable":true,"href":"https:\/\/radisici.ba\/index.php?rest_route=%2Fwp%2Fv2%2Ftags&post=312"}],"curies":[{"name":"wp","href":"https:\/\/api.w.org\/{rel}","templated":true}]}}