{"id":285,"date":"2024-01-27T07:50:36","date_gmt":"2024-01-27T06:50:36","guid":{"rendered":"https:\/\/radisici.ba\/?p=285"},"modified":"2024-01-27T07:50:36","modified_gmt":"2024-01-27T06:50:36","slug":"dva-pozara-u-ljubuskom-gorio-podrum-u-obiteljskoj-kuci-i-pomocni-objekt","status":"publish","type":"post","link":"https:\/\/radisici.ba\/?p=285","title":{"rendered":"DVA PO\u017dARA U LJUBU\u0160KOM Gorio podrum u obiteljskoj ku\u0107i i pomo\u0107ni objekt"},"content":{"rendered":"<p>Ju\u010der je u ranim poslijepodnevnim satima u mjestu <strong>Lisice<\/strong> kod Ljubu\u0161kog izbio po\u017ear na pomo\u0107nom objektu koji se nalazio uz obiteljsku ku\u0107u. Ovu informaciju je za <a href=\"https:\/\/www.hercegovina.info\/vijesti\/crna-kronika\/dva-pozara-u-ljubuskom-gorio-podrum-u-obiteljskoj-kuci-i-pomocni-objekt\/221060\/\" target=\"_blank\" rel=\"noopener\"><strong>Hercegovina.info<\/strong> <\/a>potvrdilo <strong>Vatrogasno dru\u0161tvo Ljubu\u0161ki<\/strong>.<\/p>\n<p>\u201ePrimili smo dojavu u 15:15h, a po\u017ear smo lokalizirali oko 16:12\u201c, kazali su. Na teren su izi\u0161la dva vatrogasca s jednim vozilom. Po\u017ear je zahvatio prostorije i krovi\u0161te pomo\u0107nog objekta. Nastala je manja materijalna \u0161teta. U po\u017earu nije bilo ozlije\u0111enih osoba.<\/p>\n<p>Isti dan, samo nekoliko sati kasnije, u obiteljskoj ku\u0107i u mjestu <strong>Gornja Vitina <\/strong>tako\u0111er je izbio po\u017ear.<\/p>\n<p>Tri vatrogasca s dva vozila stigla su na mjesto doga\u0111aja i gasila po\u017ear u vremenskom razdoblju od 17:40 do 19:30 sati.<\/p>\n<p>Kako smo doznali, do po\u017eara do\u0161lo<strong> u podrumu obiteljske <\/strong>ku\u0107e i to uslijed tehni\u010dkog kvara jedinice rashladnog sustava, nakon \u010dega se po\u017ear pro\u0161irio na \u010ditav podrum. Nastala je manja materijalna \u0161teta, a nitko nije povrije\u0111en.<\/p>\n","protected":false},"excerpt":{"rendered":"<p>Ju\u010der je u ranim poslijepodnevnim satima u mjestu Lisice kod Ljubu\u0161kog izbio po\u017ear na pomo\u0107nom objektu koji se nalazio uz<\/p>\n","protected":false},"author":2,"featured_media":286,"comment_status":"closed","ping_status":"closed","sticky":false,"template":"","format":"standard","meta":{"footnotes":""},"categories":[4],"tags":[],"class_list":["post-285","post","type-post","status-publish","format-standard","has-post-thumbnail","hentry","category-vijesti"],"_links":{"self":[{"href":"https:\/\/radisici.ba\/index.php?rest_route=\/wp\/v2\/posts\/285","targetHints":{"allow":["GET"]}}],"collection":[{"href":"https:\/\/radisici.ba\/index.php?rest_route=\/wp\/v2\/posts"}],"about":[{"href":"https:\/\/radisici.ba\/index.php?rest_route=\/wp\/v2\/types\/post"}],"author":[{"embeddable":true,"href":"https:\/\/radisici.ba\/index.php?rest_route=\/wp\/v2\/users\/2"}],"replies":[{"embeddable":true,"href":"https:\/\/radisici.ba\/index.php?rest_route=%2Fwp%2Fv2%2Fcomments&post=285"}],"version-history":[{"count":1,"href":"https:\/\/radisici.ba\/index.php?rest_route=\/wp\/v2\/posts\/285\/revisions"}],"predecessor-version":[{"id":287,"href":"https:\/\/radisici.ba\/index.php?rest_route=\/wp\/v2\/posts\/285\/revisions\/287"}],"wp:featuredmedia":[{"embeddable":true,"href":"https:\/\/radisici.ba\/index.php?rest_route=\/wp\/v2\/media\/286"}],"wp:attachment":[{"href":"https:\/\/radisici.ba\/index.php?rest_route=%2Fwp%2Fv2%2Fmedia&parent=285"}],"wp:term":[{"taxonomy":"category","embeddable":true,"href":"https:\/\/radisici.ba\/index.php?rest_route=%2Fwp%2Fv2%2Fcategories&post=285"},{"taxonomy":"post_tag","embeddable":true,"href":"https:\/\/radisici.ba\/index.php?rest_route=%2Fwp%2Fv2%2Ftags&post=285"}],"curies":[{"name":"wp","href":"https:\/\/api.w.org\/{rel}","templated":true}]}}