{"id":273,"date":"2024-01-26T19:53:25","date_gmt":"2024-01-26T18:53:25","guid":{"rendered":"https:\/\/radisici.ba\/?p=273"},"modified":"2024-01-26T19:53:25","modified_gmt":"2024-01-26T18:53:25","slug":"vecina-radnika-moze-natprosjecno-raditi-ali-prosjecnu-placu-samo-sanjati","status":"publish","type":"post","link":"https:\/\/radisici.ba\/?p=273","title":{"rendered":"Ve\u0107ina radnika mo\u017ee natprosje\u010dno raditi, ali prosje\u010dnu pla\u0107u samo \u2013 sanjati!"},"content":{"rendered":"<p>Prosje\u010dna neto pla\u0107a u BiH prije dva mjeseca iznosila je 1304 KM. No, prosje\u010dan zaposlenik u BiH mo\u017ee samo sanjati prosje\u010dnu pla\u0107u. Velika ve\u0107ina zaposlenih ima pla\u0107u znatno manju od prosje\u010dne. I vrapcima na granama jasno je to da prosje\u010dnu pla\u0107u napuhavaju visoke pla\u0107e zaposlenih na lukrativnim radnim mjestima. Mnogi u Federaciji BiH imaju minimalne pla\u0107e, a pre\u017eivljavaju zahvaljuju\u0107i dodacima za topli obrok i prijevoz. U Slu\u017ebenim novinama Federacije BiH stoji da najni\u017ea pla\u0107a za razdoblje od 1. sije\u010dnja do 31. prosinca, prema odluci Vlade FBiH, iznosi 619 KM. Mnogima nije jasno za\u0161to je minimalna pla\u0107a u manjem entitetu za 281 KM ve\u0107a. Zaposlenici s minimalcem u Federaciji BiH o\u010dekivali su da \u0107e se mjerodavni smilovati i podi\u0107i minimalnu neto pla\u0107u na tisu\u0107u KM, ali od toga za sada ni\u0161ta.<\/p>\n<p>U mnogim dr\u017eavama prosje\u010dna neto pla\u0107a nije pravo mjerilo, umjesto prosje\u010dne, mjerilo je medijalna pla\u0107a. Statisti\u010dke slu\u017ebe u BiH ne obra\u010dunavaju medijalne pla\u0107e, ali prema procjenama, ona iznosi oko 860 konvertibilnih maraka. Medijalna neto pla\u0107a predstavlja iznos u odnosu na koji je 50 posto zaposlenih imalo manju pla\u0107u, dok je preostalih 50 posto zaposlenih imalo ve\u0107u neto pla\u0107u od tog iznosa. Kad bi se poredale pla\u0107e svih zaposlenih od najmanje do najve\u0107e i taj niz presjekao na pola, iznos pla\u0107e na toj polovini bio bi medijalna pla\u0107a. Medijalna pla\u0107a mnogo realnije govori o stvarnim primanjima ve\u0107ine zaposlenika.<\/p>\n<p>Zaposlenici s minimalcem pravi su umjetnici pre\u017eivljavanja. Mnogi poslodavci isti\u010du da, na\u017ealost, nemaju \u201cprostora\u201d za ve\u0107e pla\u0107e od minimalca, a zaposlenicima koji primaju minimalne pla\u0107e alternativa je &#8211; dijaspora. Mnogi ostaju na minimalcu zbog potrebnih godina sta\u017ea za mirovinu. I pri tom se nadaju da \u0107e se vlasti i poslodavci smilovati i podi\u0107i minimalac na tisu\u0107u KM. Njihov polo\u017eaj podsjeti nas na razgovor (ne)ugodni izme\u0111u Amerikanca, Francuza i gra\u0111anina BiH. Amerikanac re\u010de da ima pla\u0107u od 4000 dolara, a da mu za \u017eivot treba 3000. Na pitanje \u0161to radi s ostatkom od tisu\u0107u dolara, odgovorio je:<\/p>\n<p>&#8211; To se kod nas ne pita.<\/p>\n<p>Francuz re\u010de da ima pla\u0107u 3500 eura, a da mu za \u017eivot treba 2500. Na pitanje \u0161to radi s ostatkom od tisu\u0107u eura, odgovorio je:<\/p>\n<p>&#8211; To se kod nas ne pita.<\/p>\n<p>Gra\u0111anin BiH re\u010de da ima pla\u0107u od 800 konvertibilnih maraka, a da mu za \u017eivot treba 2500 KM.<\/p>\n<p>&#8211; Kako je to mogu\u0107e? &#8211; \u010dude se Amerikanac i Francuz.<\/p>\n<p>&#8211; To se kod nas ne pita &#8211; odgovori gra\u0111anin BiH.<\/p>\n<p>Mnogim zaposlenicima pla\u0107e znaju kasniti i po nekoliko mjeseci. Jedan hrabriji djelatnik koji tri mjeseca nije primio pla\u0107u obrati se direktoru:<\/p>\n<p>&#8211; Oprostite, direktore, ja tri mjeseca nisam primio pla\u0107u?<\/p>\n<p>&#8211; Opro\u0161teno ti je &#8211; uzvrati direktor.<\/p>\n<p>Drugi radnik ekipi oko \u0161anka re\u010de:<\/p>\n<p>&#8211; Primio sam 13. pla\u0107u.<\/p>\n<p>&#8211; Nemogu\u0107e &#8211; reko\u0161e nazo\u010dni.<\/p>\n<p>&#8211; Mogu\u0107e je, radim ve\u0107 20 mjeseci &#8211; objasni im.<\/p>\n<p>Tre\u0107ega je supruga upitala:<\/p>\n<p>&#8211; Jesu li ti podigli satnicu u tvrtki?<\/p>\n<p>&#8211; Jesu. Sad umjesto osam sati dnevno radim deset sati &#8211; odgovorio je.<\/p>\n<p>\u010cetvrti koji je na minimalcu re\u010de:<\/p>\n<p>&#8211; Legla mi pla\u0107a, a imam osje\u0107aj da je netko ve\u0107 spavao s njom!<\/p>\n<p>Peti se po\u017eali ekipi:<\/p>\n<p>&#8211; \u017dena mi re\u010de da joj treba 350 maraka, koliko ko\u0161taju \u010dizme za prijelazno razdoblje. K\u2019o da prelazi u Real Madrid!<\/p>\n<p>BiH sve vi\u0161e postaje dru\u0161tvo bogatih i siroma\u0161nih. Srednji sloj sve je tanji i tanji, tako da i sve rje\u0111i pripadnici tog tankog srednjeg sloja sve te\u017ee spajaju kraj s krajem. Pa kod onih bogatijih u BiH raste \u0161tednja, a kod siroma\u0161nih rastu rate za kredite koji se \u010desto uzimaju za puko pre\u017eivljavanje. Depoziti gra\u0111ana kod komercijalnih banaka u rujnu pro\u0161le godine iznosili su vi\u0161e od 15,5 milijardi KM. S druge strane, iznos plasiranih kredita gra\u0111anima u kolovozu pro\u0161le godine iznosio je 11,5 milijardi KM. Za one s manjim primanjima od prosje\u010dne neto pla\u0107e, a pogotovo od medijalne neto pla\u0107e, mjese\u010dna izdvajanja za hranu \u201cpojedu\u201d ve\u0107inu mjese\u010dnih primanja. Sindikalna potro\u0161a\u010dka ko\u0161arica za rujan pro\u0161le godine iznosila je gotovo tri tisu\u0107e KM, a minimalna pla\u0107a pokrivala je svega 20-ak posto njezine veli\u010dine. Zbog enormnog rasta cijena prehrambenih proizvoda, tanke pla\u0107e postajale su realno sve tanje zbog \u010dinjenice da gotovo gro njihova iznosa ode za hranu. Pa nije jasno za\u0161to su gra\u0111ani BiH, koji imaju tako tanke prosje\u010dne, a jo\u0161 tanje medijalne pla\u0107e me\u0111u najdebljima u Europi.<\/p>\n<p>Provedena istra\u017eivanja govore da radnici u BiH pri\u017eeljkuju neto pla\u0107e u iznosu od 1500 do 2000 KM. Pojedini poslodavci poku\u0161avaju koliko-toliko podi\u0107i pla\u0107e djelatnicima kako bi ih ipak zadr\u017eali, a neki ra\u010dunaju: ako ne\u0107e raditi doma\u0107i, ho\u0107e tko ho\u0107e, misle\u0107i, naravno, na stranu radnu snagu koja polako pristi\u017ee iz Nepala, Indije, s Filipina&#8230; U isto vrijeme radnicima ostaju gorke \u0161ale, nezgodne zgode i razgovori (ne)ugodni. Tako su Mujo i Haso primili pla\u0107u te svratili u jednu birtiju i dugo uz nekoliko rundi razgovarali o pla\u0107ama. Kasno su krenuli ku\u0107i \u201cpod gasom\u201d pjevaju\u0107i zale\u0111enim putem, posrnuli i na\u0161li se pored ceste na \u201cdonjem dijelu le\u0111a\u201d. U tom trenutku nai\u0161lo je policijsko vozilo, a policajac ih upita:<\/p>\n<p>&#8211; \u0160to je bilo?<\/p>\n<p>&#8211; \u0160ta \u0107e bit\u2019, bila pla\u0107a &#8211; objasni Mujo.<\/p>\n<p>Radnik koji radi za minimalac bio je u dru\u0161tvu u kojem se razgovaralo o raznim nemanima na Zemlji, me\u0111u njima i o nemani u Loch Nessu. Pitali su ga koja je njemu najgora neman.<\/p>\n<p>&#8211; Od svih nemani meni je najgora NEMAN za kavu &#8211; odgovorio je.<\/p>\n<p>&nbsp;<\/p>\n<p style=\"text-align: right;\">Frano Vukoja &#8211; vecernji.ba<\/p>\n","protected":false},"excerpt":{"rendered":"<p>Prosje\u010dna neto pla\u0107a u BiH prije dva mjeseca iznosila je 1304 KM. No, prosje\u010dan zaposlenik u BiH mo\u017ee samo sanjati<\/p>\n","protected":false},"author":2,"featured_media":274,"comment_status":"closed","ping_status":"closed","sticky":false,"template":"","format":"standard","meta":{"footnotes":""},"categories":[9],"tags":[],"class_list":["post-273","post","type-post","status-publish","format-standard","has-post-thumbnail","hentry","category-zanimljivosti"],"_links":{"self":[{"href":"https:\/\/radisici.ba\/index.php?rest_route=\/wp\/v2\/posts\/273","targetHints":{"allow":["GET"]}}],"collection":[{"href":"https:\/\/radisici.ba\/index.php?rest_route=\/wp\/v2\/posts"}],"about":[{"href":"https:\/\/radisici.ba\/index.php?rest_route=\/wp\/v2\/types\/post"}],"author":[{"embeddable":true,"href":"https:\/\/radisici.ba\/index.php?rest_route=\/wp\/v2\/users\/2"}],"replies":[{"embeddable":true,"href":"https:\/\/radisici.ba\/index.php?rest_route=%2Fwp%2Fv2%2Fcomments&post=273"}],"version-history":[{"count":1,"href":"https:\/\/radisici.ba\/index.php?rest_route=\/wp\/v2\/posts\/273\/revisions"}],"predecessor-version":[{"id":275,"href":"https:\/\/radisici.ba\/index.php?rest_route=\/wp\/v2\/posts\/273\/revisions\/275"}],"wp:featuredmedia":[{"embeddable":true,"href":"https:\/\/radisici.ba\/index.php?rest_route=\/wp\/v2\/media\/274"}],"wp:attachment":[{"href":"https:\/\/radisici.ba\/index.php?rest_route=%2Fwp%2Fv2%2Fmedia&parent=273"}],"wp:term":[{"taxonomy":"category","embeddable":true,"href":"https:\/\/radisici.ba\/index.php?rest_route=%2Fwp%2Fv2%2Fcategories&post=273"},{"taxonomy":"post_tag","embeddable":true,"href":"https:\/\/radisici.ba\/index.php?rest_route=%2Fwp%2Fv2%2Ftags&post=273"}],"curies":[{"name":"wp","href":"https:\/\/api.w.org\/{rel}","templated":true}]}}