{"id":259,"date":"2024-01-25T21:45:56","date_gmt":"2024-01-25T20:45:56","guid":{"rendered":"https:\/\/radisici.ba\/?p=259"},"modified":"2024-01-25T21:45:56","modified_gmt":"2024-01-25T20:45:56","slug":"sutra-premijera-pjesme-moj-narode-u-tudini-dream-teama-prijatelji-na-cmc-televiziji","status":"publish","type":"post","link":"https:\/\/radisici.ba\/?p=259","title":{"rendered":"Sutra premijera pjesme \u201cMoj narode u tu\u0111ini\u201d Dream teama \u201cPrijatelji\u201d na CMC televiziji"},"content":{"rendered":"<p>Dream team \u201ePrijatelji\u201c snimili su novi spot \u201eMoj narode u tu\u0111ini\u201c koji \u0107e premijerno biti prikazan sutra (26. sije\u010dnja 2024. godine) u 19 sati na CMC televiziji.<\/p>\n<p>Glazbu i tekst za spot napisala je Nada Lauc, aran\u017eman su uradili Ivan Del Loco i Tihomir Ivaneti\u0107, glazbeni producent i ton majstor je Tihomir Ivaneti\u0107 \u2013 Rockoko studio, mastering \u2013 osiguravanje maksimalne kvalitete zvuka na svim ure\u0111ajima je odradio Goran Martinac \u2013 Croatia Records Studio.<\/p>\n<p>U spotu svira Rockoko orchestra u sastavu: Igor Greguri\u0107 Grega \u2013 harmonika, Krunoslav Dra\u017ei\u0107 \u2013 tambure, Damir Butkovi\u0107 Budo \u2013 bas gitara, Boban D\u017eeverdanovi\u0107 \u2013 gitare, Ivan Del Loco \u2013 programiranje.<\/p>\n<p>Director by: Mario \u0160ulina<\/p>\n<p>Camera and editing: Mario \u0160ulina<\/p>\n<p>Color grading: Mario \u0160ulina<\/p>\n<p>Video production: Produkcija Nova@2024<\/p>\n<p>Pjesmu izvode Nada Lauc i Vanja Herceg iz Ljubu\u0161kog \u2013 Hercegovine, Marina \u0160unji\u0107 iz Dalmacije i Nada Mihi\u0107 iz Slavonije.<\/p>\n<p>\u201eOva je pjesma napisana ve\u0107 ranije, ona je \u010dak i snimana, ali to nije bilo ono \u0161to sam \u017eeljela. Po\u0161to pjesma govori o na\u0161im ljudima u tu\u0111ini odlu\u010dila sam okupiti Hercegovinu, Dalmaciju i Slavoniju, jer svi smo mi povezani tim odlascima u tu\u0111i svijet. I sama pjesma nam poru\u010duje \u201eMoj narode u tu\u0111ini vratite se Domovini\u201c, a to je poruka svim Hrvatima koji se nalaze u tu\u0111ini, kako onima iz Hercegovine, tako i onima iz Dalmacije i Slavonije, kao i iz ostalih na\u0161ih krajeva od Bosne do krajnjih podru\u010dja Hrvatske. \u017deljela bih ovim putem najaviti jo\u0161 jednu pjesmu koja je u pripremi, a to je pjesma o Ljubu\u0161kom i obnovi na\u0161e Kule, koja \u0107e uskoro ugledati svjetlo dana\u201c, kazala je za Radio Ljubu\u0161ki \u201ebaba\u201c Nada.<\/p>\n<p>&nbsp;<\/p>\n<p style=\"text-align: right;\">radioljubuski.ba<\/p>\n","protected":false},"excerpt":{"rendered":"<p>Dream team \u201ePrijatelji\u201c snimili su novi spot \u201eMoj narode u tu\u0111ini\u201c koji \u0107e premijerno biti prikazan sutra (26. sije\u010dnja 2024.<\/p>\n","protected":false},"author":2,"featured_media":260,"comment_status":"closed","ping_status":"closed","sticky":false,"template":"","format":"standard","meta":{"footnotes":""},"categories":[9],"tags":[],"class_list":["post-259","post","type-post","status-publish","format-standard","has-post-thumbnail","hentry","category-zanimljivosti"],"_links":{"self":[{"href":"https:\/\/radisici.ba\/index.php?rest_route=\/wp\/v2\/posts\/259","targetHints":{"allow":["GET"]}}],"collection":[{"href":"https:\/\/radisici.ba\/index.php?rest_route=\/wp\/v2\/posts"}],"about":[{"href":"https:\/\/radisici.ba\/index.php?rest_route=\/wp\/v2\/types\/post"}],"author":[{"embeddable":true,"href":"https:\/\/radisici.ba\/index.php?rest_route=\/wp\/v2\/users\/2"}],"replies":[{"embeddable":true,"href":"https:\/\/radisici.ba\/index.php?rest_route=%2Fwp%2Fv2%2Fcomments&post=259"}],"version-history":[{"count":1,"href":"https:\/\/radisici.ba\/index.php?rest_route=\/wp\/v2\/posts\/259\/revisions"}],"predecessor-version":[{"id":261,"href":"https:\/\/radisici.ba\/index.php?rest_route=\/wp\/v2\/posts\/259\/revisions\/261"}],"wp:featuredmedia":[{"embeddable":true,"href":"https:\/\/radisici.ba\/index.php?rest_route=\/wp\/v2\/media\/260"}],"wp:attachment":[{"href":"https:\/\/radisici.ba\/index.php?rest_route=%2Fwp%2Fv2%2Fmedia&parent=259"}],"wp:term":[{"taxonomy":"category","embeddable":true,"href":"https:\/\/radisici.ba\/index.php?rest_route=%2Fwp%2Fv2%2Fcategories&post=259"},{"taxonomy":"post_tag","embeddable":true,"href":"https:\/\/radisici.ba\/index.php?rest_route=%2Fwp%2Fv2%2Ftags&post=259"}],"curies":[{"name":"wp","href":"https:\/\/api.w.org\/{rel}","templated":true}]}}