{"id":254,"date":"2024-01-25T21:18:55","date_gmt":"2024-01-25T20:18:55","guid":{"rendered":"https:\/\/radisici.ba\/?p=254"},"modified":"2024-01-25T21:18:55","modified_gmt":"2024-01-25T20:18:55","slug":"u-utorak-30-1-2024-predstavljanje-5-broja-godisnjaka-bilig","status":"publish","type":"post","link":"https:\/\/radisici.ba\/?p=254","title":{"rendered":"U utorak, 30. 1. 2024. predstavljanje 5. broja godi\u0161njaka &#8220;Bilig&#8221;"},"content":{"rendered":"<div dir=\"auto\" style=\"text-align: left;\"><a href=\"https:\/\/radisici.ba\/wp-content\/uploads\/2024\/01\/Bilig-5-naslovnica-za-medije-scaled.jpg\" rel=\"wpdevart_lightbox\"><img loading=\"lazy\" decoding=\"async\" class=\"size-full wp-image-255 alignleft\" src=\"https:\/\/radisici.ba\/wp-content\/uploads\/2024\/01\/Bilig-5-naslovnica-za-medije-scaled.jpg\" alt=\"\" width=\"1712\" height=\"2560\" srcset=\"https:\/\/radisici.ba\/wp-content\/uploads\/2024\/01\/Bilig-5-naslovnica-za-medije-scaled.jpg 1712w, https:\/\/radisici.ba\/wp-content\/uploads\/2024\/01\/Bilig-5-naslovnica-za-medije-201x300.jpg 201w, https:\/\/radisici.ba\/wp-content\/uploads\/2024\/01\/Bilig-5-naslovnica-za-medije-685x1024.jpg 685w, https:\/\/radisici.ba\/wp-content\/uploads\/2024\/01\/Bilig-5-naslovnica-za-medije-768x1148.jpg 768w, https:\/\/radisici.ba\/wp-content\/uploads\/2024\/01\/Bilig-5-naslovnica-za-medije-1027x1536.jpg 1027w, https:\/\/radisici.ba\/wp-content\/uploads\/2024\/01\/Bilig-5-naslovnica-za-medije-1370x2048.jpg 1370w\" sizes=\"auto, (max-width: 1712px) 100vw, 1712px\" \/><\/a> U utorak, 30. 1. 2024., u sklopu Dana Grada Ljubu\u0161koga i u suradnji s Gradom organiziramo predstavljanje 5. broja godi\u0161njaka na\u0161e udruge &#8220;Bilig&#8221; u hotelu Bigeste s po\u010detkom u 19 sati.<\/div>\n<div dir=\"auto\">O novom godi\u0161njaku \u0107e govoriti prof. Ante Paponja i Viktor Zubac a prisutnima \u0107e se obratiti i predsjednik udruge HKB-Bilig dr. sc. Ante \u010cuvalo. U glazbenom dijelu programa nastupit \u0107e \u010dlanovi Glazbene \u0161kole Ljubu\u0161ki. Programom \u0107e moderirati dr. sc. Ljiljana Herceg. Nakon predstavljanja &#8220;Biliga&#8221; slijedi dru\u017eenje u Hotelu Bigeste.<\/div>\n<div dir=\"auto\">Dobro do\u0161li!<span class=\"v1gmail-x3nfvp2 v1gmail-x1j61x8r v1gmail-x1fcty0u v1gmail-xdj266r v1gmail-xhhsvwb v1gmail-xat24cr v1gmail-xgzva0m v1gmail-xxymvpz v1gmail-xlup9mm v1gmail-x1kky2od\"><br \/>\n<\/span><\/div>\n<div><\/div>\n","protected":false},"excerpt":{"rendered":"<p>U utorak, 30. 1. 2024., u sklopu Dana Grada Ljubu\u0161koga i u suradnji s Gradom organiziramo predstavljanje 5. broja godi\u0161njaka<\/p>\n","protected":false},"author":2,"featured_media":256,"comment_status":"closed","ping_status":"closed","sticky":false,"template":"","format":"standard","meta":{"footnotes":""},"categories":[4],"tags":[],"class_list":["post-254","post","type-post","status-publish","format-standard","has-post-thumbnail","hentry","category-vijesti"],"_links":{"self":[{"href":"https:\/\/radisici.ba\/index.php?rest_route=\/wp\/v2\/posts\/254","targetHints":{"allow":["GET"]}}],"collection":[{"href":"https:\/\/radisici.ba\/index.php?rest_route=\/wp\/v2\/posts"}],"about":[{"href":"https:\/\/radisici.ba\/index.php?rest_route=\/wp\/v2\/types\/post"}],"author":[{"embeddable":true,"href":"https:\/\/radisici.ba\/index.php?rest_route=\/wp\/v2\/users\/2"}],"replies":[{"embeddable":true,"href":"https:\/\/radisici.ba\/index.php?rest_route=%2Fwp%2Fv2%2Fcomments&post=254"}],"version-history":[{"count":1,"href":"https:\/\/radisici.ba\/index.php?rest_route=\/wp\/v2\/posts\/254\/revisions"}],"predecessor-version":[{"id":257,"href":"https:\/\/radisici.ba\/index.php?rest_route=\/wp\/v2\/posts\/254\/revisions\/257"}],"wp:featuredmedia":[{"embeddable":true,"href":"https:\/\/radisici.ba\/index.php?rest_route=\/wp\/v2\/media\/256"}],"wp:attachment":[{"href":"https:\/\/radisici.ba\/index.php?rest_route=%2Fwp%2Fv2%2Fmedia&parent=254"}],"wp:term":[{"taxonomy":"category","embeddable":true,"href":"https:\/\/radisici.ba\/index.php?rest_route=%2Fwp%2Fv2%2Fcategories&post=254"},{"taxonomy":"post_tag","embeddable":true,"href":"https:\/\/radisici.ba\/index.php?rest_route=%2Fwp%2Fv2%2Ftags&post=254"}],"curies":[{"name":"wp","href":"https:\/\/api.w.org\/{rel}","templated":true}]}}