{"id":234,"date":"2024-01-24T18:56:03","date_gmt":"2024-01-24T17:56:03","guid":{"rendered":"https:\/\/radisici.ba\/?p=234"},"modified":"2024-01-24T20:35:55","modified_gmt":"2024-01-24T19:35:55","slug":"234","status":"publish","type":"post","link":"https:\/\/radisici.ba\/?p=234","title":{"rendered":"Ljubu\u0161aci se rado odazivaju akcijama dobrovoljnog darivanja krvi"},"content":{"rendered":"<div class=\"container-fluid\">\n<div class=\"row\">\n<div class=\"col-md-9\">\n<div class=\"mg-blog-post-box\">\n<div class=\"mg-header\">\n<div class=\"media mg-info-author-block\">\n<div class=\"media-body\">Crveni kri\u017e Ljubu\u0161ki u suradnji sa Zavodom za transfuziologiju SKB Mostar danas je u Kulturnom centru u Ljubu\u0161kom organizirao prvu ovogodi\u0161nju akciju dragovoljnog darivanja krvi.<\/div>\n<div><\/div>\n<div>Odaziv darivatelja je bio dobar, na akciju se odazvalo 40 osoba, a 37 njih je darovalo krv.<\/div>\n<div><\/div>\n<div>Poznato je da se Ljubu\u0161aci redovito odli\u010dno odazivaju na ovakve akcije, ali pomalo nas je iznenadilo s koliko su volje i strpljenja gra\u0111ani \u010dekali u redu da daruju \u201ekap koja \u017eivot zna\u010di\u201c.<\/div>\n<div><\/div>\n<\/div>\n<\/div>\n<article class=\"page-content-single small single\">Organizatori se zahvaljuju svima koji su sudjelovali u dana\u0161njoj akciji.\u00a0<\/article>\n<\/div>\n<\/div>\n<\/div>\n<\/div>\n<p style=\"text-align: right;\">Radio Ljubu\u0161ki<\/p>\n<p style=\"text-align: center;\"><iframe loading=\"lazy\" style=\"border: none; overflow: hidden;\" src=\"https:\/\/www.facebook.com\/plugins\/post.php?href=https%3A%2F%2Fwww.facebook.com%2Fcrvenikrizljubuski%2Fposts%2Fpfbid0u4WwvbDsjq6icAjEtodzCppiq2DxMmAMFipkpsG6VGfN68kSJRmW36w7aU2WrW1Ul&amp;show_text=true&amp;width=500\" width=\"500\" height=\"684\" frameborder=\"0\" scrolling=\"no\" allowfullscreen=\"allowfullscreen\"><\/iframe><\/p>\n","protected":false},"excerpt":{"rendered":"<p>Crveni kri\u017e Ljubu\u0161ki u suradnji sa Zavodom za transfuziologiju SKB Mostar danas je u Kulturnom centru u Ljubu\u0161kom organizirao prvu<\/p>\n","protected":false},"author":2,"featured_media":235,"comment_status":"closed","ping_status":"closed","sticky":false,"template":"","format":"standard","meta":{"footnotes":""},"categories":[4],"tags":[],"class_list":["post-234","post","type-post","status-publish","format-standard","has-post-thumbnail","hentry","category-vijesti"],"_links":{"self":[{"href":"https:\/\/radisici.ba\/index.php?rest_route=\/wp\/v2\/posts\/234","targetHints":{"allow":["GET"]}}],"collection":[{"href":"https:\/\/radisici.ba\/index.php?rest_route=\/wp\/v2\/posts"}],"about":[{"href":"https:\/\/radisici.ba\/index.php?rest_route=\/wp\/v2\/types\/post"}],"author":[{"embeddable":true,"href":"https:\/\/radisici.ba\/index.php?rest_route=\/wp\/v2\/users\/2"}],"replies":[{"embeddable":true,"href":"https:\/\/radisici.ba\/index.php?rest_route=%2Fwp%2Fv2%2Fcomments&post=234"}],"version-history":[{"count":2,"href":"https:\/\/radisici.ba\/index.php?rest_route=\/wp\/v2\/posts\/234\/revisions"}],"predecessor-version":[{"id":237,"href":"https:\/\/radisici.ba\/index.php?rest_route=\/wp\/v2\/posts\/234\/revisions\/237"}],"wp:featuredmedia":[{"embeddable":true,"href":"https:\/\/radisici.ba\/index.php?rest_route=\/wp\/v2\/media\/235"}],"wp:attachment":[{"href":"https:\/\/radisici.ba\/index.php?rest_route=%2Fwp%2Fv2%2Fmedia&parent=234"}],"wp:term":[{"taxonomy":"category","embeddable":true,"href":"https:\/\/radisici.ba\/index.php?rest_route=%2Fwp%2Fv2%2Fcategories&post=234"},{"taxonomy":"post_tag","embeddable":true,"href":"https:\/\/radisici.ba\/index.php?rest_route=%2Fwp%2Fv2%2Ftags&post=234"}],"curies":[{"name":"wp","href":"https:\/\/api.w.org\/{rel}","templated":true}]}}