{"id":229,"date":"2024-01-24T18:47:06","date_gmt":"2024-01-24T17:47:06","guid":{"rendered":"https:\/\/radisici.ba\/?p=229"},"modified":"2024-01-24T18:47:06","modified_gmt":"2024-01-24T17:47:06","slug":"program-svecanog-obiljezavanja-dana-grada-ljubuskog","status":"publish","type":"post","link":"https:\/\/radisici.ba\/?p=229","title":{"rendered":"Program sve\u010danog obilje\u017eavanja Dana Grada Ljubu\u0161kog"},"content":{"rendered":"<div class=\"et_pb_module et_pb_post_content et_pb_post_content_0_tb_body\">\n<p>Nizom doga\u0111aja, uz bogat program, biti \u0107e obilje\u017een Dan Grada Ljubu\u0161kog.<\/p>\n<p>Program obilje\u017eavanja zapo\u010dinje u utorak, 30. sije\u010dnja predstavljanjem godi\u0161njaka \u201cBilig\u201d, kojeg objavljuje udruga \u201cHercegova\u010dka kulturna ba\u0161tina\u201d, a zavr\u0161ava\u00a0u ponedjeljak, 12. velja\u010de sve\u010danom sjednicom Gradskog vije\u0107a Ljubu\u0161ki na kojoj \u0107e biti uru\u010dena javna priznanja Grada Ljubu\u0161kog.<\/p>\n<p><strong>PROGRAM SVE\u010cANOG OBILJE\u017dAVANJA DANA GRADA LJUBU\u0160KOG 2024. GODINE<\/strong><\/p>\n<p><strong>UTORAK, 30. SIJE\u010cNJA 2024. GODINE<\/strong><br \/>\n19:00 SATI PREDSTAVLJANJE GODI\u0160NJAKA BILIG BROJ 5 ZA 2024. GODINU, KOJEG OBJAVLJUJE UDRUGA \u201eHERCEGOVA\u010cKA KULTURNA BA\u0160TINA \u2013 BILIG\u201c (HOTEL BIGESTE)<\/p>\n<p><strong>SRIJEDA, 31. SIJE\u010cNJA 2024. GODINE<\/strong><br \/>\n19:00 SATI IZLO\u017dBA SLIKA \u201eARTEL\u201c AUTORA ADINA HRNJI\u010cEVI\u0106A (GRADSKA GALERIJA)<\/p>\n<p><strong>PONEDJELJAK, 5. VELJA\u010cE 2024. GODINE<\/strong><br \/>\n19:00 SATI SVE\u010cANO PROGLA\u0160ENJE SPORTA\u0160A GODINE GRADA LJUBU\u0160KOG ZA 2023. GODINU (HOTEL BIGESTE)<\/p>\n<p><strong>UTORAK, 6. VELJA\u010cE 2024. GODINE<\/strong><br \/>\n19:00 SATI PREDSTAVLJANJE KNJIGE \u201eSEZONSKO STO\u010cARSTVO ZAPADNE HERCEGOVINE\u201c AUTORA DU\u0160ANA MUSE (HOTEL BIGESTE)<\/p>\n<p><strong>SRIJEDA, 7. VELJA\u010cE 2024. GODINE<\/strong><br \/>\n19:00 SATI IZLO\u017dBA SLIKA \u201eRAPSODIJA KISTOVA\u201c AUTORA ZLATANA LUKENDE (GRADSKA GALERIJA)<\/p>\n<p><strong>\u010cETVRTAK, 8. VELJA\u010cE 2024. GODINE<br \/>\n<\/strong>19:00 SATI \u201ePOSVE\u0106ENO MOME GRADU\u201c \u2013 KONCERT GLAZBENE \u0160KOLE LJUBU\u0160KI (KULTURNI CENTAR)<\/p>\n<p><strong>PETAK, 9. VELJA\u010cE 2024. GODINE<br \/>\n<\/strong>19:00 SATI PREDSTAVLJANJE KNJIGE \u201eHRVATSKA U 30 PRI\u010cA\u2019\u201c AUTORA BO\u017dE SKOKE I ZVONIMIRA FRKE-PETE\u0160I\u0106A<br \/>\nORGANIZATORI: GRAD LJUBU\u0160KI, HKD NAPREDAK, PODRU\u017dNICA LJUBU\u0160KI (KULTURNI CENTAR)<\/p>\n<p><strong>SUBOTA, 10. VELJA\u010cE 2024. GODINE<\/strong><br \/>\n19:00 SATI PUB KVIZ S DEANOM KOTIGOM<br \/>\nORGANIZATOR: HKD NAPREDAK, PODRU\u017dNICA LJUBU\u0160KI I TURISTI\u010cKA ZAJEDNICA GRADA LJUBU\u0160KOG (HOTEL BIGESTE)<\/p>\n<p><strong>NEDJELJA, 11. VELJA\u010cE 2024. GODINE<\/strong><br \/>\nSVE\u010cANO OBILJE\u017dAVANJE DANA BRANITELJA<br \/>\n16:00 SATI POLAGANJE VIJENCA (TRG DR. FRANJE TU\u0110MANA)<br \/>\n16:15 SATI PROJEKCIJA DUGOMETRA\u017dNOG DOKUMENTARNOG FILMA \u201eZIDINE\u201c O LOGORIMA ZA HRVATE U BIH U DOMOVINSKOM RATU (KULTURNI CENTAR), SCENARIJ: IVO \u010cOLAK, RE\u017dIJA: IVO \u010cOLAK I MARKO MIKULI\u0106, PRODUKCIJA: SIMBOL (ZA HRVATSKU UDRUGU LOGORA\u0160A DOMOVINSKOG RATA U BIH)<br \/>\n18:00 SATI SVETA MISA ZA SVE POGINULE HRVATSKE BRANITELJE (CRKVA SV. ANTE NA HUMCU)<\/p>\n<p><strong>PONEDJELJAK, 12. VELJA\u010cE 2024. GODINE<\/strong><br \/>\n11:00 SATI SVE\u010cANA SJEDNICA GRADSKOG VIJE\u0106A GRADA LJUBU\u0160KOG (HOTEL BIGESTE)<\/p>\n<\/div>\n","protected":false},"excerpt":{"rendered":"<p>Nizom doga\u0111aja, uz bogat program, biti \u0107e obilje\u017een Dan Grada Ljubu\u0161kog. Program obilje\u017eavanja zapo\u010dinje u utorak, 30. sije\u010dnja predstavljanjem godi\u0161njaka<\/p>\n","protected":false},"author":2,"featured_media":167,"comment_status":"closed","ping_status":"closed","sticky":false,"template":"","format":"standard","meta":{"footnotes":""},"categories":[4],"tags":[],"class_list":["post-229","post","type-post","status-publish","format-standard","has-post-thumbnail","hentry","category-vijesti"],"_links":{"self":[{"href":"https:\/\/radisici.ba\/index.php?rest_route=\/wp\/v2\/posts\/229","targetHints":{"allow":["GET"]}}],"collection":[{"href":"https:\/\/radisici.ba\/index.php?rest_route=\/wp\/v2\/posts"}],"about":[{"href":"https:\/\/radisici.ba\/index.php?rest_route=\/wp\/v2\/types\/post"}],"author":[{"embeddable":true,"href":"https:\/\/radisici.ba\/index.php?rest_route=\/wp\/v2\/users\/2"}],"replies":[{"embeddable":true,"href":"https:\/\/radisici.ba\/index.php?rest_route=%2Fwp%2Fv2%2Fcomments&post=229"}],"version-history":[{"count":1,"href":"https:\/\/radisici.ba\/index.php?rest_route=\/wp\/v2\/posts\/229\/revisions"}],"predecessor-version":[{"id":230,"href":"https:\/\/radisici.ba\/index.php?rest_route=\/wp\/v2\/posts\/229\/revisions\/230"}],"wp:featuredmedia":[{"embeddable":true,"href":"https:\/\/radisici.ba\/index.php?rest_route=\/wp\/v2\/media\/167"}],"wp:attachment":[{"href":"https:\/\/radisici.ba\/index.php?rest_route=%2Fwp%2Fv2%2Fmedia&parent=229"}],"wp:term":[{"taxonomy":"category","embeddable":true,"href":"https:\/\/radisici.ba\/index.php?rest_route=%2Fwp%2Fv2%2Fcategories&post=229"},{"taxonomy":"post_tag","embeddable":true,"href":"https:\/\/radisici.ba\/index.php?rest_route=%2Fwp%2Fv2%2Ftags&post=229"}],"curies":[{"name":"wp","href":"https:\/\/api.w.org\/{rel}","templated":true}]}}