{"id":215,"date":"2024-01-24T18:24:15","date_gmt":"2024-01-24T17:24:15","guid":{"rendered":"https:\/\/radisici.ba\/?p=215"},"modified":"2024-01-24T18:44:23","modified_gmt":"2024-01-24T17:44:23","slug":"dacak-istraziva-golubinku","status":"publish","type":"post","link":"https:\/\/radisici.ba\/?p=215","title":{"rendered":"Da\u0107ak istra\u017eiva Golubinku"},"content":{"rendered":"<div>\n<div dir=\"auto\"><span style=\"font-family: arial, helvetica, sans-serif;\"><a href=\"https:\/\/radisici.ba\/wp-content\/uploads\/2024\/01\/418269011_122121594914127307_2303054294510576299_n.jpg\" rel=\"wpdevart_lightbox\"><img loading=\"lazy\" decoding=\"async\" class=\"size-full wp-image-216\" src=\"https:\/\/radisici.ba\/wp-content\/uploads\/2024\/01\/418269011_122121594914127307_2303054294510576299_n.jpg\" alt=\"\" width=\"831\" height=\"1600\" srcset=\"https:\/\/radisici.ba\/wp-content\/uploads\/2024\/01\/418269011_122121594914127307_2303054294510576299_n.jpg 831w, https:\/\/radisici.ba\/wp-content\/uploads\/2024\/01\/418269011_122121594914127307_2303054294510576299_n-156x300.jpg 156w, https:\/\/radisici.ba\/wp-content\/uploads\/2024\/01\/418269011_122121594914127307_2303054294510576299_n-532x1024.jpg 532w, https:\/\/radisici.ba\/wp-content\/uploads\/2024\/01\/418269011_122121594914127307_2303054294510576299_n-768x1479.jpg 768w, https:\/\/radisici.ba\/wp-content\/uploads\/2024\/01\/418269011_122121594914127307_2303054294510576299_n-798x1536.jpg 798w\" sizes=\"auto, (max-width: 831px) 100vw, 831px\" \/><\/a>Svako otkri\u0107e zapo\u010dima s osobama koje imaju u sebi poseban dar za prepoznati ne\u0161to u ne\u010demu!<\/span><\/div>\n<\/div>\n<div>\n<div dir=\"auto\"><span style=\"font-family: arial, helvetica, sans-serif;\">Zatim, te su osobe obdarene i za duboko razmi\u0161ljanje o tom ne\u010demu, i na kraju, imaju neopisivu \u017eelju okupiti stru\u010dne osobe oko onoga \u0161to su prepoznali!<\/span><\/div>\n<\/div>\n<div>\n<div dir=\"auto\"><span style=\"font-family: arial, helvetica, sans-serif;\">Jedna takva svestrana i obdarena osoba \u017eivi me\u0111u nama, rije\u010d je o Darinku Tomi\u0107u &#8211; Da\u0107ku, koji povremeno svojim pozitivnim djelima iznena\u0111uje svoje Ljubu\u0161ake.<\/span><\/div>\n<\/div>\n<div>\n<div dir=\"auto\"><span style=\"font-family: arial, helvetica, sans-serif;\">Izme\u0111u ostalog, Darinko je zaljubljenik prirode, pa tako s vremena na vrijeme zaviri u neku malo poznatu \u0161pilju ili jamu ali samo do odre\u0111ene granice sigurnosti, a za slo\u017eenije zahvate potra\u017ei pomo\u0107 struke.<\/span><\/div>\n<\/div>\n<div>\n<div dir=\"auto\"><span style=\"font-family: arial, helvetica, sans-serif;\">Darinko je proteklih godina naslutio da jedna neobi\u010dna jama, na podru\u010dju Ljubu\u0161kog, krije tajne koje bi mogle zanimati profesionalne speologe.<\/span><\/div>\n<\/div>\n<div>\n<div dir=\"auto\"><span style=\"font-family: arial, helvetica, sans-serif;\">Stupio je u kontakt sa svjetski poznatim alpinistom i speologom Stipom Bo\u017ei\u0107em, i naravno, zainteresirao i njega, koji je proteklih dana sa svojim timom u dva navrata boravio na podru\u010dju Ljubu\u0161kog.<\/span><\/div>\n<\/div>\n<div>\n<div dir=\"auto\"><span style=\"font-family: arial, helvetica, sans-serif;\">U nastavku pogledajte slike i video spu\u0161tanja u jamu, prizori \u0107e vas svojom ljepotom ostaviti bez daha!<\/span><\/div>\n<\/div>\n<div>\n<div dir=\"auto\"><span style=\"font-family: arial, helvetica, sans-serif;\">UPOZORENJE:<\/span><\/div>\n<\/div>\n<div>\n<div dir=\"auto\"><span style=\"font-family: arial, helvetica, sans-serif;\">Zbog vrlo vrijednih otkri\u0107a u jami, koja na odre\u0111enoj dubini prelazi u \u0161pilju, i osjetljivih nalaza u njoj, ne\u0107emo objaviti lokaciju iz vi\u0161e razloga:<\/span><\/div>\n<div dir=\"auto\"><span style=\"font-family: arial, helvetica, sans-serif;\">U jami su prona\u0111ene brojne eksplozivne naprave, koje je pa\u017eljivo poslo\u017eio i snimio stru\u010dnjak za eksplozive iz tima Stipe Bo\u017ei\u0107a.<\/span><\/div>\n<\/div>\n<div>\n<div dir=\"auto\"><span style=\"font-family: arial, helvetica, sans-serif;\">Nadalje, u odre\u0111enoj dubini jame nastavljaju se \u0161piljske prostorije sa stalaktitima impresivnih oblika.<\/span><\/div>\n<div dir=\"auto\"><span style=\"font-family: arial, helvetica, sans-serif;\">Stalaktiti (gr\u010dki; stalaktites &#8211; kapanje) su \u0161piljski ukrasi koji vise sa stropa.<\/span><\/div>\n<div dir=\"auto\"><span style=\"font-family: arial, helvetica, sans-serif;\">Nastaju kao talog kalcijevog karbonata iz mineralne otopine. Odgovaraju\u0107a forma koja raste od poda prema stropu naziva se stalagmit.<\/span><\/div>\n<\/div>\n<div>\n<div dir=\"auto\"><span style=\"font-family: arial, helvetica, sans-serif;\">Naravno, prije objave ove vijesti ve\u0107 su upoznate pojedine slu\u017ebe ljubu\u0161ke Gradske Uprave, a detaljnije informacije povjerene su Odjelu za kulturu!<\/span><\/div>\n<\/div>\n<div dir=\"auto\"><\/div>\n<div dir=\"auto\" style=\"text-align: right;\">Kre\u0161o Vujevi\u0107<\/div>\n<div dir=\"auto\"><\/div>\n<div>\n<div dir=\"auto\"><\/div>\n<div dir=\"auto\"><\/div>\n<div dir=\"auto\"><\/div>\n<\/div>\n<div dir=\"auto\"><\/div>\n<p><iframe loading=\"lazy\" style=\"border: none; overflow: hidden;\" src=\"https:\/\/www.facebook.com\/plugins\/post.php?href=https%3A%2F%2Fwww.facebook.com%2Fpermalink.php%3Fstory_fbid%3Dpfbid0AivnzqeVBnwSXuwT8LeNWAD6hU8LHEFr3CJuRfn5Wf9a9tiYbpf7dvNY1zK38Rpal%26id%3D61553819232279&amp;show_text=true&amp;width=500\" width=\"500\" height=\"632\" frameborder=\"0\" scrolling=\"no\" allowfullscreen=\"allowfullscreen\"><\/iframe><\/p>\n","protected":false},"excerpt":{"rendered":"<p>Svako otkri\u0107e zapo\u010dima s osobama koje imaju u sebi poseban dar za prepoznati ne\u0161to u ne\u010demu! Zatim, te su osobe<\/p>\n","protected":false},"author":2,"featured_media":217,"comment_status":"closed","ping_status":"closed","sticky":false,"template":"","format":"standard","meta":{"footnotes":""},"categories":[5],"tags":[],"class_list":["post-215","post","type-post","status-publish","format-standard","has-post-thumbnail","hentry","category-radisici"],"_links":{"self":[{"href":"https:\/\/radisici.ba\/index.php?rest_route=\/wp\/v2\/posts\/215","targetHints":{"allow":["GET"]}}],"collection":[{"href":"https:\/\/radisici.ba\/index.php?rest_route=\/wp\/v2\/posts"}],"about":[{"href":"https:\/\/radisici.ba\/index.php?rest_route=\/wp\/v2\/types\/post"}],"author":[{"embeddable":true,"href":"https:\/\/radisici.ba\/index.php?rest_route=\/wp\/v2\/users\/2"}],"replies":[{"embeddable":true,"href":"https:\/\/radisici.ba\/index.php?rest_route=%2Fwp%2Fv2%2Fcomments&post=215"}],"version-history":[{"count":11,"href":"https:\/\/radisici.ba\/index.php?rest_route=\/wp\/v2\/posts\/215\/revisions"}],"predecessor-version":[{"id":228,"href":"https:\/\/radisici.ba\/index.php?rest_route=\/wp\/v2\/posts\/215\/revisions\/228"}],"wp:featuredmedia":[{"embeddable":true,"href":"https:\/\/radisici.ba\/index.php?rest_route=\/wp\/v2\/media\/217"}],"wp:attachment":[{"href":"https:\/\/radisici.ba\/index.php?rest_route=%2Fwp%2Fv2%2Fmedia&parent=215"}],"wp:term":[{"taxonomy":"category","embeddable":true,"href":"https:\/\/radisici.ba\/index.php?rest_route=%2Fwp%2Fv2%2Fcategories&post=215"},{"taxonomy":"post_tag","embeddable":true,"href":"https:\/\/radisici.ba\/index.php?rest_route=%2Fwp%2Fv2%2Ftags&post=215"}],"curies":[{"name":"wp","href":"https:\/\/api.w.org\/{rel}","templated":true}]}}