{"id":195,"date":"2024-01-19T18:30:20","date_gmt":"2024-01-19T17:30:20","guid":{"rendered":"https:\/\/radisici.ba\/?p=195"},"modified":"2024-01-19T18:30:20","modified_gmt":"2024-01-19T17:30:20","slug":"video-setnja-kroz-radisice","status":"publish","type":"post","link":"https:\/\/radisici.ba\/?p=195","title":{"rendered":"VIDEO: \u0160etnja kroz Radi\u0161i\u0107e"},"content":{"rendered":"<p>Iza slikovitog sela Radi\u0161i\u0107i u Ljubu\u0161kom skriva se zanimljiva povijest prepletena bogatstvom mitova i pri\u010da iz nekih davno prohujali vremena .<br \/>\nNo, iza ljudi koji nisu napustili selo nego stvorili blagodati \u017eivota u svom kraju kriju se one istinske pri\u010de.<\/p>\n<p>Pogledajte vi\u0161e u video prilogu Pro TV.<\/p>\n<p>&nbsp;<\/p>\n<p><iframe loading=\"lazy\" title=\"\u0160ETNJA KROZ SELO - RADI\u0160I\u0106I, OP\u0106INA LJUBU\u0160KI\" width=\"640\" height=\"360\" src=\"https:\/\/www.youtube.com\/embed\/GbVoRp4xmDA?feature=oembed\" frameborder=\"0\" allow=\"accelerometer; autoplay; clipboard-write; encrypted-media; gyroscope; picture-in-picture; web-share\" referrerpolicy=\"strict-origin-when-cross-origin\" allowfullscreen><\/iframe><\/p>\n<p style=\"text-align: right;\">LJ::portal<\/p>\n","protected":false},"excerpt":{"rendered":"<p>Iza slikovitog sela Radi\u0161i\u0107i u Ljubu\u0161kom skriva se zanimljiva povijest prepletena bogatstvom mitova i pri\u010da iz nekih davno prohujali vremena<\/p>\n","protected":false},"author":2,"featured_media":196,"comment_status":"closed","ping_status":"closed","sticky":false,"template":"","format":"standard","meta":{"footnotes":""},"categories":[5],"tags":[],"class_list":["post-195","post","type-post","status-publish","format-standard","has-post-thumbnail","hentry","category-radisici"],"_links":{"self":[{"href":"https:\/\/radisici.ba\/index.php?rest_route=\/wp\/v2\/posts\/195","targetHints":{"allow":["GET"]}}],"collection":[{"href":"https:\/\/radisici.ba\/index.php?rest_route=\/wp\/v2\/posts"}],"about":[{"href":"https:\/\/radisici.ba\/index.php?rest_route=\/wp\/v2\/types\/post"}],"author":[{"embeddable":true,"href":"https:\/\/radisici.ba\/index.php?rest_route=\/wp\/v2\/users\/2"}],"replies":[{"embeddable":true,"href":"https:\/\/radisici.ba\/index.php?rest_route=%2Fwp%2Fv2%2Fcomments&post=195"}],"version-history":[{"count":1,"href":"https:\/\/radisici.ba\/index.php?rest_route=\/wp\/v2\/posts\/195\/revisions"}],"predecessor-version":[{"id":197,"href":"https:\/\/radisici.ba\/index.php?rest_route=\/wp\/v2\/posts\/195\/revisions\/197"}],"wp:featuredmedia":[{"embeddable":true,"href":"https:\/\/radisici.ba\/index.php?rest_route=\/wp\/v2\/media\/196"}],"wp:attachment":[{"href":"https:\/\/radisici.ba\/index.php?rest_route=%2Fwp%2Fv2%2Fmedia&parent=195"}],"wp:term":[{"taxonomy":"category","embeddable":true,"href":"https:\/\/radisici.ba\/index.php?rest_route=%2Fwp%2Fv2%2Fcategories&post=195"},{"taxonomy":"post_tag","embeddable":true,"href":"https:\/\/radisici.ba\/index.php?rest_route=%2Fwp%2Fv2%2Ftags&post=195"}],"curies":[{"name":"wp","href":"https:\/\/api.w.org\/{rel}","templated":true}]}}